{"id":1684,"date":"2025-08-13T17:19:59","date_gmt":"2025-08-13T17:19:59","guid":{"rendered":"https:\/\/portaldoestado.com.br\/?p=1684"},"modified":"2025-08-13T17:19:59","modified_gmt":"2025-08-13T17:19:59","slug":"george-henrique-rodrigo-vivem-noite-historica-em-brasilia-e-inauguram-uma-nova-historia-na-carreira-com-gravacao-de-dvd","status":"publish","type":"post","link":"https:\/\/portaldoestado.com.br\/index.php\/2025\/08\/13\/george-henrique-rodrigo-vivem-noite-historica-em-brasilia-e-inauguram-uma-nova-historia-na-carreira-com-gravacao-de-dvd\/","title":{"rendered":"George Henrique &amp; Rodrigo vivem noite hist\u00f3rica em Bras\u00edlia e inauguram \u201cUma Nova Hist\u00f3ria\u201d na carreira com grava\u00e7\u00e3o de DVD"},"content":{"rendered":"\n<p>O que prometia ser grandioso se transformou em um marco definitivo na trajet\u00f3ria de George Henrique &#038; Rodrigo. Na noite da \u00faltima ter\u00e7a-feira, dia 12 de agosto, Bras\u00edlia foi palco da grava\u00e7\u00e3o de \u201cUma Nova Hist\u00f3ria\u201d, projeto que j\u00e1 nasce com status de cl\u00e1ssico no sertanejo e crava uma nova era na carreira da dupla.<\/p>\n\n\n\n<p>Para George Henrique, o DVD \u00e9 mais que um registro musical. \u201cEsse projeto \u00e9 o resumo de tudo que vivemos at\u00e9 aqui e, ao mesmo tempo, o in\u00edcio de um novo cap\u00edtulo. Contar \u201cUma Nova Hist\u00f3ria\u201d em Bras\u00edlia foi muito especial para n\u00f3s. \u00c9 uma cidade do lado da nossa casa, Goi\u00e2nia, aqui temos fam\u00edlia, amigos\u2026 A energia dessa noite vai ficar pra sempre no nosso cora\u00e7\u00e3o e na mem\u00f3ria de quem esteve l\u00e1. \u201d, afirma.<\/p>\n\n\n\n<p>Diante de um p\u00fablico animado, os irm\u00e3os entregaram um espet\u00e1culo impec\u00e1vel, com superprodu\u00e7\u00e3o, repert\u00f3rio afiado e participa\u00e7\u00f5es especiais que fizeram a plateia cantar em coro. Nos feats, Murilo Huff emocionou em \u201c50% Minha\u201d, Hugo &#038; Guilherme incendiaram o est\u00e1dio com \u201cT\u00f4 Sendo Obrigado\u201d, Matheus &#038; Kauan colocaram todo mundo pra cantar \u201cLaia\u201d e Z\u00e9 Neto e Cristiano, como participa\u00e7\u00e3o surpresa anunciada apenas algumas horas antes, foram recebidos pela multid\u00e3o para cantar \u201cUma galera chora\u201d.<\/p>\n\n\n\n<p>\u201cAqui s\u00f3 tem amigos de palco e da vida! Pensamos muito em cada participa\u00e7\u00e3o, porque quer\u00edamos que cada artista tivesse uma conex\u00e3o verdadeira com a m\u00fasica e com a nossa hist\u00f3ria. N\u00f3s j\u00e1 tivemos a oportunidade de gravar com Z\u00e9 Neto &#038; Cristiano em outro projeto, mas as participa\u00e7\u00f5es de Murilo, Hugo &#038; Guilherme, Matheus &#038; Kauan s\u00e3o in\u00e9ditas e eles trouxeram exatamente a emo\u00e7\u00e3o e a for\u00e7a que imaginamos. S\u00e3o artistas que a gente admira como pessoa tamb\u00e9m, que temos muita afinidade\u201d, explica Rodrigo.<\/p>\n\n\n\n<p>Com mais de 7 milh\u00f5es de ouvintes mensais no Spotify e mais de 1 bilh\u00e3o de visualiza\u00e7\u00f5es no YouTube, George Henrique &#038; Rodrigo mostraram porque ocupam um lugar de destaque no cen\u00e1rio sertanejo. Entre novos sucessos e regrava\u00e7\u00f5es que fizeram hist\u00f3ria, cada m\u00fasica foi recebida como hino pelo p\u00fablico, que permaneceu vibrando at\u00e9 o \u00faltimo acorde minuto da grava\u00e7\u00e3o de \u201cUma Nova Hist\u00f3ria\u201d.<\/p>\n\n\n\n<p>A grandiosidade da noite ficou registrada n\u00e3o s\u00f3 no palco e nas lentes, mas tamb\u00e9m na mem\u00f3ria de quem presenciou o show. Luzes, efeitos, cen\u00e1rio imponente e a energia contagiante da dupla criaram um momento \u00fanico, que ser\u00e1 eternizado no audiovisual e nas plataformas digitais.<\/p>\n\n\n\n<p>Para encerrar esta noite de emo\u00e7\u00f5es, George Henrique e Rodrigo receberam suas esposas e seus filhos no palco grandioso de \u201cUma Nova Hist\u00f3ria\u201d. Diante da multid\u00e3o que acompanhou a grava\u00e7\u00e3o, a dupla fez uma homenagem \u00e0s suas fam\u00edlias refor\u00e7ando o seu papel fundamental dando apoio e incentivo sempre.<\/p>\n\n\n\n<p>\u201cGratid\u00e3o a voc\u00eas e a Deus! \u00c9 por isso aqui que a gente sai de casa, que a gente luta, \u00e9 pra nossa fam\u00edlia que a gente quer voltar depois que canta para voc\u00eas. \u00c9 o que faz valer a pena! Quando voltarem para casa, olhem para suas fam\u00edlia e falem o quanto amam\u201d, disse Rodrigo. \u201cDeus aben\u00e7oe todos voc\u00eas\u201d, disse George, se despedindo do p\u00fablico.<\/p>\n\n\n\n<p>O cap\u00edtulo que come\u00e7ou a ser escrito no Bezerr\u00e3o \u00e9 apenas o in\u00edcio de um novo tempo para George Henrique &#038; Rodrigo, mais maduro, mais ousado e ainda mais conectado com seu p\u00fablico.<\/p>\n\n\n\n<p><\/p>\n","protected":false},"excerpt":{"rendered":"<p>O que prometia ser grandioso se transformou em um marco definitivo na trajet\u00f3ria de George Henrique &#038; Rodrigo. Na noite da \u00faltima ter\u00e7a-feira, dia 12 de agosto, Bras\u00edlia foi palco da grava\u00e7\u00e3o de \u201cUma Nova Hist\u00f3ria\u201d, projeto que j\u00e1 nasce com status de cl\u00e1ssico no sertanejo e crava uma nova era na carreira da dupla. \u2026<\/p>\n","protected":false},"author":2,"featured_media":1683,"comment_status":"closed","ping_status":"open","sticky":false,"template":"","format":"standard","meta":{"footnotes":""},"categories":[3],"tags":[80],"class_list":["post-1684","post","type-post","status-publish","format-standard","has-post-thumbnail","hentry","category-famosos","tag-musica-3"],"yoast_head":"<!-- This site is optimized with the Yoast SEO plugin v25.5 - https:\/\/yoast.com\/wordpress\/plugins\/seo\/ -->\n<title>George Henrique &amp; Rodrigo vivem noite hist\u00f3rica em Bras\u00edlia e inauguram \u201cUma Nova Hist\u00f3ria\u201d na carreira com grava\u00e7\u00e3o de DVD - Portal do Estado<\/title>\n<meta name=\"robots\" content=\"index, follow, max-snippet:-1, max-image-preview:large, max-video-preview:-1\" \/>\n<link rel=\"canonical\" href=\"https:\/\/portaldoestado.com.br\/index.php\/2025\/08\/13\/george-henrique-rodrigo-vivem-noite-historica-em-brasilia-e-inauguram-uma-nova-historia-na-carreira-com-gravacao-de-dvd\/\" \/>\n<meta property=\"og:locale\" content=\"pt_BR\" \/>\n<meta property=\"og:type\" content=\"article\" \/>\n<meta property=\"og:title\" content=\"George Henrique &amp; Rodrigo vivem noite hist\u00f3rica em Bras\u00edlia e inauguram \u201cUma Nova Hist\u00f3ria\u201d na carreira com grava\u00e7\u00e3o de DVD - Portal do Estado\" \/>\n<meta property=\"og:description\" content=\"O que prometia ser grandioso se transformou em um marco definitivo na trajet\u00f3ria de George Henrique &amp; Rodrigo. Na noite da \u00faltima ter\u00e7a-feira, dia 12 de agosto, Bras\u00edlia foi palco da grava\u00e7\u00e3o de \u201cUma Nova Hist\u00f3ria\u201d, projeto que j\u00e1 nasce com status de cl\u00e1ssico no sertanejo e crava uma nova era na carreira da dupla. \u2026\" \/>\n<meta property=\"og:url\" content=\"https:\/\/portaldoestado.com.br\/index.php\/2025\/08\/13\/george-henrique-rodrigo-vivem-noite-historica-em-brasilia-e-inauguram-uma-nova-historia-na-carreira-com-gravacao-de-dvd\/\" \/>\n<meta property=\"og:site_name\" content=\"Portal do Estado\" \/>\n<meta property=\"article:published_time\" content=\"2025-08-13T17:19:59+00:00\" \/>\n<meta property=\"og:image\" content=\"https:\/\/portaldoestado.com.br\/wp-content\/uploads\/2025\/08\/WhatsApp-Image-2025-08-13-at-14.13.25-1.jpeg\" \/>\n\t<meta property=\"og:image:width\" content=\"1280\" \/>\n\t<meta property=\"og:image:height\" content=\"853\" \/>\n\t<meta property=\"og:image:type\" content=\"image\/jpeg\" \/>\n<meta name=\"author\" content=\"assessoriadefamosos\" \/>\n<meta name=\"twitter:card\" content=\"summary_large_image\" \/>\n<meta name=\"twitter:label1\" content=\"Escrito por\" \/>\n\t<meta name=\"twitter:data1\" content=\"assessoriadefamosos\" \/>\n\t<meta name=\"twitter:label2\" content=\"Est. tempo de leitura\" \/>\n\t<meta name=\"twitter:data2\" content=\"3 minutos\" \/>\n<script type=\"application\/ld+json\" class=\"yoast-schema-graph\">{\"@context\":\"https:\/\/schema.org\",\"@graph\":[{\"@type\":\"Article\",\"@id\":\"https:\/\/portaldoestado.com.br\/index.php\/2025\/08\/13\/george-henrique-rodrigo-vivem-noite-historica-em-brasilia-e-inauguram-uma-nova-historia-na-carreira-com-gravacao-de-dvd\/#article\",\"isPartOf\":{\"@id\":\"https:\/\/portaldoestado.com.br\/index.php\/2025\/08\/13\/george-henrique-rodrigo-vivem-noite-historica-em-brasilia-e-inauguram-uma-nova-historia-na-carreira-com-gravacao-de-dvd\/\"},\"author\":{\"name\":\"assessoriadefamosos\",\"@id\":\"https:\/\/portaldoestado.com.br\/#\/schema\/person\/5ca0174f3c8c84b59da62ea14b698cb9\"},\"headline\":\"George Henrique &amp; Rodrigo vivem noite hist\u00f3rica em Bras\u00edlia e inauguram \u201cUma Nova Hist\u00f3ria\u201d na carreira com grava\u00e7\u00e3o de DVD\",\"datePublished\":\"2025-08-13T17:19:59+00:00\",\"mainEntityOfPage\":{\"@id\":\"https:\/\/portaldoestado.com.br\/index.php\/2025\/08\/13\/george-henrique-rodrigo-vivem-noite-historica-em-brasilia-e-inauguram-uma-nova-historia-na-carreira-com-gravacao-de-dvd\/\"},\"wordCount\":620,\"publisher\":{\"@id\":\"https:\/\/portaldoestado.com.br\/#organization\"},\"image\":{\"@id\":\"https:\/\/portaldoestado.com.br\/index.php\/2025\/08\/13\/george-henrique-rodrigo-vivem-noite-historica-em-brasilia-e-inauguram-uma-nova-historia-na-carreira-com-gravacao-de-dvd\/#primaryimage\"},\"thumbnailUrl\":\"https:\/\/portaldoestado.com.br\/wp-content\/uploads\/2025\/08\/WhatsApp-Image-2025-08-13-at-14.13.25-1.jpeg\",\"keywords\":[\"m\u00fasica\"],\"articleSection\":[\"Famosos\"],\"inLanguage\":\"pt-BR\"},{\"@type\":\"WebPage\",\"@id\":\"https:\/\/portaldoestado.com.br\/index.php\/2025\/08\/13\/george-henrique-rodrigo-vivem-noite-historica-em-brasilia-e-inauguram-uma-nova-historia-na-carreira-com-gravacao-de-dvd\/\",\"url\":\"https:\/\/portaldoestado.com.br\/index.php\/2025\/08\/13\/george-henrique-rodrigo-vivem-noite-historica-em-brasilia-e-inauguram-uma-nova-historia-na-carreira-com-gravacao-de-dvd\/\",\"name\":\"George Henrique &amp; Rodrigo vivem noite hist\u00f3rica em Bras\u00edlia e inauguram \u201cUma Nova Hist\u00f3ria\u201d na carreira com grava\u00e7\u00e3o de DVD - Portal do Estado\",\"isPartOf\":{\"@id\":\"https:\/\/portaldoestado.com.br\/#website\"},\"primaryImageOfPage\":{\"@id\":\"https:\/\/portaldoestado.com.br\/index.php\/2025\/08\/13\/george-henrique-rodrigo-vivem-noite-historica-em-brasilia-e-inauguram-uma-nova-historia-na-carreira-com-gravacao-de-dvd\/#primaryimage\"},\"image\":{\"@id\":\"https:\/\/portaldoestado.com.br\/index.php\/2025\/08\/13\/george-henrique-rodrigo-vivem-noite-historica-em-brasilia-e-inauguram-uma-nova-historia-na-carreira-com-gravacao-de-dvd\/#primaryimage\"},\"thumbnailUrl\":\"https:\/\/portaldoestado.com.br\/wp-content\/uploads\/2025\/08\/WhatsApp-Image-2025-08-13-at-14.13.25-1.jpeg\",\"datePublished\":\"2025-08-13T17:19:59+00:00\",\"breadcrumb\":{\"@id\":\"https:\/\/portaldoestado.com.br\/index.php\/2025\/08\/13\/george-henrique-rodrigo-vivem-noite-historica-em-brasilia-e-inauguram-uma-nova-historia-na-carreira-com-gravacao-de-dvd\/#breadcrumb\"},\"inLanguage\":\"pt-BR\",\"potentialAction\":[{\"@type\":\"ReadAction\",\"target\":[\"https:\/\/portaldoestado.com.br\/index.php\/2025\/08\/13\/george-henrique-rodrigo-vivem-noite-historica-em-brasilia-e-inauguram-uma-nova-historia-na-carreira-com-gravacao-de-dvd\/\"]}]},{\"@type\":\"ImageObject\",\"inLanguage\":\"pt-BR\",\"@id\":\"https:\/\/portaldoestado.com.br\/index.php\/2025\/08\/13\/george-henrique-rodrigo-vivem-noite-historica-em-brasilia-e-inauguram-uma-nova-historia-na-carreira-com-gravacao-de-dvd\/#primaryimage\",\"url\":\"https:\/\/portaldoestado.com.br\/wp-content\/uploads\/2025\/08\/WhatsApp-Image-2025-08-13-at-14.13.25-1.jpeg\",\"contentUrl\":\"https:\/\/portaldoestado.com.br\/wp-content\/uploads\/2025\/08\/WhatsApp-Image-2025-08-13-at-14.13.25-1.jpeg\",\"width\":1280,\"height\":853},{\"@type\":\"BreadcrumbList\",\"@id\":\"https:\/\/portaldoestado.com.br\/index.php\/2025\/08\/13\/george-henrique-rodrigo-vivem-noite-historica-em-brasilia-e-inauguram-uma-nova-historia-na-carreira-com-gravacao-de-dvd\/#breadcrumb\",\"itemListElement\":[{\"@type\":\"ListItem\",\"position\":1,\"name\":\"In\u00edcio\",\"item\":\"https:\/\/portaldoestado.com.br\/\"},{\"@type\":\"ListItem\",\"position\":2,\"name\":\"George Henrique &amp; Rodrigo vivem noite hist\u00f3rica em Bras\u00edlia e inauguram \u201cUma Nova Hist\u00f3ria\u201d na carreira com grava\u00e7\u00e3o de DVD\"}]},{\"@type\":\"WebSite\",\"@id\":\"https:\/\/portaldoestado.com.br\/#website\",\"url\":\"https:\/\/portaldoestado.com.br\/\",\"name\":\"Portal do Estado\",\"description\":\"\",\"publisher\":{\"@id\":\"https:\/\/portaldoestado.com.br\/#organization\"},\"potentialAction\":[{\"@type\":\"SearchAction\",\"target\":{\"@type\":\"EntryPoint\",\"urlTemplate\":\"https:\/\/portaldoestado.com.br\/?s={search_term_string}\"},\"query-input\":{\"@type\":\"PropertyValueSpecification\",\"valueRequired\":true,\"valueName\":\"search_term_string\"}}],\"inLanguage\":\"pt-BR\"},{\"@type\":\"Organization\",\"@id\":\"https:\/\/portaldoestado.com.br\/#organization\",\"name\":\"Portal do Estado\",\"url\":\"https:\/\/portaldoestado.com.br\/\",\"logo\":{\"@type\":\"ImageObject\",\"inLanguage\":\"pt-BR\",\"@id\":\"https:\/\/portaldoestado.com.br\/#\/schema\/logo\/image\/\",\"url\":\"https:\/\/portaldoestado.com.br\/wp-content\/uploads\/2025\/04\/cropped-6f69b19a-6472-43bf-b1b3-e1910bbbd4e8.png\",\"contentUrl\":\"https:\/\/portaldoestado.com.br\/wp-content\/uploads\/2025\/04\/cropped-6f69b19a-6472-43bf-b1b3-e1910bbbd4e8.png\",\"width\":1024,\"height\":350,\"caption\":\"Portal do Estado\"},\"image\":{\"@id\":\"https:\/\/portaldoestado.com.br\/#\/schema\/logo\/image\/\"}},{\"@type\":\"Person\",\"@id\":\"https:\/\/portaldoestado.com.br\/#\/schema\/person\/5ca0174f3c8c84b59da62ea14b698cb9\",\"name\":\"assessoriadefamosos\",\"image\":{\"@type\":\"ImageObject\",\"inLanguage\":\"pt-BR\",\"@id\":\"https:\/\/portaldoestado.com.br\/#\/schema\/person\/image\/\",\"url\":\"https:\/\/secure.gravatar.com\/avatar\/a7acbdffcfbbae7240e59f47fe511ec5f5d8c252c779f0b8d9ab02a9e1d8c5ed?s=96&d=mm&r=g\",\"contentUrl\":\"https:\/\/secure.gravatar.com\/avatar\/a7acbdffcfbbae7240e59f47fe511ec5f5d8c252c779f0b8d9ab02a9e1d8c5ed?s=96&d=mm&r=g\",\"caption\":\"assessoriadefamosos\"},\"url\":\"https:\/\/portaldoestado.com.br\/index.php\/author\/assessoriadefamosos\/\"}]}<\/script>\n<!-- \/ Yoast SEO plugin. -->","yoast_head_json":{"title":"George Henrique &amp; Rodrigo vivem noite hist\u00f3rica em Bras\u00edlia e inauguram \u201cUma Nova Hist\u00f3ria\u201d na carreira com grava\u00e7\u00e3o de DVD - Portal do Estado","robots":{"index":"index","follow":"follow","max-snippet":"max-snippet:-1","max-image-preview":"max-image-preview:large","max-video-preview":"max-video-preview:-1"},"canonical":"https:\/\/portaldoestado.com.br\/index.php\/2025\/08\/13\/george-henrique-rodrigo-vivem-noite-historica-em-brasilia-e-inauguram-uma-nova-historia-na-carreira-com-gravacao-de-dvd\/","og_locale":"pt_BR","og_type":"article","og_title":"George Henrique &amp; Rodrigo vivem noite hist\u00f3rica em Bras\u00edlia e inauguram \u201cUma Nova Hist\u00f3ria\u201d na carreira com grava\u00e7\u00e3o de DVD - Portal do Estado","og_description":"O que prometia ser grandioso se transformou em um marco definitivo na trajet\u00f3ria de George Henrique & Rodrigo. Na noite da \u00faltima ter\u00e7a-feira, dia 12 de agosto, Bras\u00edlia foi palco da grava\u00e7\u00e3o de \u201cUma Nova Hist\u00f3ria\u201d, projeto que j\u00e1 nasce com status de cl\u00e1ssico no sertanejo e crava uma nova era na carreira da dupla. \u2026","og_url":"https:\/\/portaldoestado.com.br\/index.php\/2025\/08\/13\/george-henrique-rodrigo-vivem-noite-historica-em-brasilia-e-inauguram-uma-nova-historia-na-carreira-com-gravacao-de-dvd\/","og_site_name":"Portal do Estado","article_published_time":"2025-08-13T17:19:59+00:00","og_image":[{"width":1280,"height":853,"url":"https:\/\/portaldoestado.com.br\/wp-content\/uploads\/2025\/08\/WhatsApp-Image-2025-08-13-at-14.13.25-1.jpeg","type":"image\/jpeg"}],"author":"assessoriadefamosos","twitter_card":"summary_large_image","twitter_misc":{"Escrito por":"assessoriadefamosos","Est. tempo de leitura":"3 minutos"},"schema":{"@context":"https:\/\/schema.org","@graph":[{"@type":"Article","@id":"https:\/\/portaldoestado.com.br\/index.php\/2025\/08\/13\/george-henrique-rodrigo-vivem-noite-historica-em-brasilia-e-inauguram-uma-nova-historia-na-carreira-com-gravacao-de-dvd\/#article","isPartOf":{"@id":"https:\/\/portaldoestado.com.br\/index.php\/2025\/08\/13\/george-henrique-rodrigo-vivem-noite-historica-em-brasilia-e-inauguram-uma-nova-historia-na-carreira-com-gravacao-de-dvd\/"},"author":{"name":"assessoriadefamosos","@id":"https:\/\/portaldoestado.com.br\/#\/schema\/person\/5ca0174f3c8c84b59da62ea14b698cb9"},"headline":"George Henrique &amp; Rodrigo vivem noite hist\u00f3rica em Bras\u00edlia e inauguram \u201cUma Nova Hist\u00f3ria\u201d na carreira com grava\u00e7\u00e3o de DVD","datePublished":"2025-08-13T17:19:59+00:00","mainEntityOfPage":{"@id":"https:\/\/portaldoestado.com.br\/index.php\/2025\/08\/13\/george-henrique-rodrigo-vivem-noite-historica-em-brasilia-e-inauguram-uma-nova-historia-na-carreira-com-gravacao-de-dvd\/"},"wordCount":620,"publisher":{"@id":"https:\/\/portaldoestado.com.br\/#organization"},"image":{"@id":"https:\/\/portaldoestado.com.br\/index.php\/2025\/08\/13\/george-henrique-rodrigo-vivem-noite-historica-em-brasilia-e-inauguram-uma-nova-historia-na-carreira-com-gravacao-de-dvd\/#primaryimage"},"thumbnailUrl":"https:\/\/portaldoestado.com.br\/wp-content\/uploads\/2025\/08\/WhatsApp-Image-2025-08-13-at-14.13.25-1.jpeg","keywords":["m\u00fasica"],"articleSection":["Famosos"],"inLanguage":"pt-BR"},{"@type":"WebPage","@id":"https:\/\/portaldoestado.com.br\/index.php\/2025\/08\/13\/george-henrique-rodrigo-vivem-noite-historica-em-brasilia-e-inauguram-uma-nova-historia-na-carreira-com-gravacao-de-dvd\/","url":"https:\/\/portaldoestado.com.br\/index.php\/2025\/08\/13\/george-henrique-rodrigo-vivem-noite-historica-em-brasilia-e-inauguram-uma-nova-historia-na-carreira-com-gravacao-de-dvd\/","name":"George Henrique &amp; Rodrigo vivem noite hist\u00f3rica em Bras\u00edlia e inauguram \u201cUma Nova Hist\u00f3ria\u201d na carreira com grava\u00e7\u00e3o de DVD - Portal do Estado","isPartOf":{"@id":"https:\/\/portaldoestado.com.br\/#website"},"primaryImageOfPage":{"@id":"https:\/\/portaldoestado.com.br\/index.php\/2025\/08\/13\/george-henrique-rodrigo-vivem-noite-historica-em-brasilia-e-inauguram-uma-nova-historia-na-carreira-com-gravacao-de-dvd\/#primaryimage"},"image":{"@id":"https:\/\/portaldoestado.com.br\/index.php\/2025\/08\/13\/george-henrique-rodrigo-vivem-noite-historica-em-brasilia-e-inauguram-uma-nova-historia-na-carreira-com-gravacao-de-dvd\/#primaryimage"},"thumbnailUrl":"https:\/\/portaldoestado.com.br\/wp-content\/uploads\/2025\/08\/WhatsApp-Image-2025-08-13-at-14.13.25-1.jpeg","datePublished":"2025-08-13T17:19:59+00:00","breadcrumb":{"@id":"https:\/\/portaldoestado.com.br\/index.php\/2025\/08\/13\/george-henrique-rodrigo-vivem-noite-historica-em-brasilia-e-inauguram-uma-nova-historia-na-carreira-com-gravacao-de-dvd\/#breadcrumb"},"inLanguage":"pt-BR","potentialAction":[{"@type":"ReadAction","target":["https:\/\/portaldoestado.com.br\/index.php\/2025\/08\/13\/george-henrique-rodrigo-vivem-noite-historica-em-brasilia-e-inauguram-uma-nova-historia-na-carreira-com-gravacao-de-dvd\/"]}]},{"@type":"ImageObject","inLanguage":"pt-BR","@id":"https:\/\/portaldoestado.com.br\/index.php\/2025\/08\/13\/george-henrique-rodrigo-vivem-noite-historica-em-brasilia-e-inauguram-uma-nova-historia-na-carreira-com-gravacao-de-dvd\/#primaryimage","url":"https:\/\/portaldoestado.com.br\/wp-content\/uploads\/2025\/08\/WhatsApp-Image-2025-08-13-at-14.13.25-1.jpeg","contentUrl":"https:\/\/portaldoestado.com.br\/wp-content\/uploads\/2025\/08\/WhatsApp-Image-2025-08-13-at-14.13.25-1.jpeg","width":1280,"height":853},{"@type":"BreadcrumbList","@id":"https:\/\/portaldoestado.com.br\/index.php\/2025\/08\/13\/george-henrique-rodrigo-vivem-noite-historica-em-brasilia-e-inauguram-uma-nova-historia-na-carreira-com-gravacao-de-dvd\/#breadcrumb","itemListElement":[{"@type":"ListItem","position":1,"name":"In\u00edcio","item":"https:\/\/portaldoestado.com.br\/"},{"@type":"ListItem","position":2,"name":"George Henrique &amp; Rodrigo vivem noite hist\u00f3rica em Bras\u00edlia e inauguram \u201cUma Nova Hist\u00f3ria\u201d na carreira com grava\u00e7\u00e3o de DVD"}]},{"@type":"WebSite","@id":"https:\/\/portaldoestado.com.br\/#website","url":"https:\/\/portaldoestado.com.br\/","name":"Portal do Estado","description":"","publisher":{"@id":"https:\/\/portaldoestado.com.br\/#organization"},"potentialAction":[{"@type":"SearchAction","target":{"@type":"EntryPoint","urlTemplate":"https:\/\/portaldoestado.com.br\/?s={search_term_string}"},"query-input":{"@type":"PropertyValueSpecification","valueRequired":true,"valueName":"search_term_string"}}],"inLanguage":"pt-BR"},{"@type":"Organization","@id":"https:\/\/portaldoestado.com.br\/#organization","name":"Portal do Estado","url":"https:\/\/portaldoestado.com.br\/","logo":{"@type":"ImageObject","inLanguage":"pt-BR","@id":"https:\/\/portaldoestado.com.br\/#\/schema\/logo\/image\/","url":"https:\/\/portaldoestado.com.br\/wp-content\/uploads\/2025\/04\/cropped-6f69b19a-6472-43bf-b1b3-e1910bbbd4e8.png","contentUrl":"https:\/\/portaldoestado.com.br\/wp-content\/uploads\/2025\/04\/cropped-6f69b19a-6472-43bf-b1b3-e1910bbbd4e8.png","width":1024,"height":350,"caption":"Portal do Estado"},"image":{"@id":"https:\/\/portaldoestado.com.br\/#\/schema\/logo\/image\/"}},{"@type":"Person","@id":"https:\/\/portaldoestado.com.br\/#\/schema\/person\/5ca0174f3c8c84b59da62ea14b698cb9","name":"assessoriadefamosos","image":{"@type":"ImageObject","inLanguage":"pt-BR","@id":"https:\/\/portaldoestado.com.br\/#\/schema\/person\/image\/","url":"https:\/\/secure.gravatar.com\/avatar\/a7acbdffcfbbae7240e59f47fe511ec5f5d8c252c779f0b8d9ab02a9e1d8c5ed?s=96&d=mm&r=g","contentUrl":"https:\/\/secure.gravatar.com\/avatar\/a7acbdffcfbbae7240e59f47fe511ec5f5d8c252c779f0b8d9ab02a9e1d8c5ed?s=96&d=mm&r=g","caption":"assessoriadefamosos"},"url":"https:\/\/portaldoestado.com.br\/index.php\/author\/assessoriadefamosos\/"}]}},"jetpack_featured_media_url":"https:\/\/portaldoestado.com.br\/wp-content\/uploads\/2025\/08\/WhatsApp-Image-2025-08-13-at-14.13.25-1.jpeg","_links":{"self":[{"href":"https:\/\/portaldoestado.com.br\/index.php\/wp-json\/wp\/v2\/posts\/1684","targetHints":{"allow":["GET"]}}],"collection":[{"href":"https:\/\/portaldoestado.com.br\/index.php\/wp-json\/wp\/v2\/posts"}],"about":[{"href":"https:\/\/portaldoestado.com.br\/index.php\/wp-json\/wp\/v2\/types\/post"}],"author":[{"embeddable":true,"href":"https:\/\/portaldoestado.com.br\/index.php\/wp-json\/wp\/v2\/users\/2"}],"replies":[{"embeddable":true,"href":"https:\/\/portaldoestado.com.br\/index.php\/wp-json\/wp\/v2\/comments?post=1684"}],"version-history":[{"count":1,"href":"https:\/\/portaldoestado.com.br\/index.php\/wp-json\/wp\/v2\/posts\/1684\/revisions"}],"predecessor-version":[{"id":1685,"href":"https:\/\/portaldoestado.com.br\/index.php\/wp-json\/wp\/v2\/posts\/1684\/revisions\/1685"}],"wp:featuredmedia":[{"embeddable":true,"href":"https:\/\/portaldoestado.com.br\/index.php\/wp-json\/wp\/v2\/media\/1683"}],"wp:attachment":[{"href":"https:\/\/portaldoestado.com.br\/index.php\/wp-json\/wp\/v2\/media?parent=1684"}],"wp:term":[{"taxonomy":"category","embeddable":true,"href":"https:\/\/portaldoestado.com.br\/index.php\/wp-json\/wp\/v2\/categories?post=1684"},{"taxonomy":"post_tag","embeddable":true,"href":"https:\/\/portaldoestado.com.br\/index.php\/wp-json\/wp\/v2\/tags?post=1684"}],"curies":[{"name":"wp","href":"https:\/\/api.w.org\/{rel}","templated":true}]}}