{"id":1681,"date":"2025-08-13T15:56:08","date_gmt":"2025-08-13T15:56:08","guid":{"rendered":"https:\/\/portaldoestado.com.br\/?p=1681"},"modified":"2025-08-13T15:56:08","modified_gmt":"2025-08-13T15:56:08","slug":"juliana-moretto-estreia-estrutura-da-to-na-midia-com-gravacao-de-clipe-e-podcast","status":"publish","type":"post","link":"https:\/\/portaldoestado.com.br\/index.php\/2025\/08\/13\/juliana-moretto-estreia-estrutura-da-to-na-midia-com-gravacao-de-clipe-e-podcast\/","title":{"rendered":"Juliana Moretto estreia estrutura da T\u00f4 Na M\u00eddia, com grava\u00e7\u00e3o de clipe e podcast"},"content":{"rendered":"\n<p>A cantora <strong>Juliana Moretto<\/strong> marcou o lan\u00e7amento da nova estrutura da <strong>T\u00f4 Na M\u00eddia<\/strong>, com grava\u00e7\u00e3o simult\u00e2nea de clipe e podcast. A visita ocorreu nesta semana na sede da empresa, localizada no Butant\u00e3, zona oeste da capital paulista. A mudan\u00e7a abre espa\u00e7o para produ\u00e7\u00f5es multim\u00eddia integradas, ampliando as possibilidades criativas para artistas que buscam versatilidade no processo de divulga\u00e7\u00e3o.<\/p>\n\n\n<!-- wp:image \"id\":192907,\"align\":\"center\" -->\n<figure class=\"wp-block-image aligncenter\"><img decoding=\"async\" src=\"https:\/\/tonamidia.com.br\/wp-content\/uploads\/2025\/08\/julianamoretto-natonamidia-04_tonamidia.jpg\" alt=\"\" class=\"wp-image-192907\" \/><\/figure>\n<!-- \/wp:post-content -->\n\n<!-- wp:paragraph -->\n<p>A T\u00f4 Na M\u00eddia passa a oferecer aos artistas uma infraestrutura diferenciada, com camarins personalizados que contam com mesa dobr\u00e1vel, sof\u00e1, cadeira dobr\u00e1vel, ilumina\u00e7\u00e3o, ribalta LED e tapetes vulcanizados. Com esse leque de recursos, a empresa pretende facilitar a organiza\u00e7\u00e3o de ensaios, grava\u00e7\u00f5es e produ\u00e7\u00f5es audiovisuais in loco, promovendo efici\u00eancia e conforto durante o processo criativo.<\/p>\n<!-- \/wp:paragraph -->\n\n<!-- wp:image \"id\":192908,\"align\":\"center\" -->\n<figure class=\"wp-block-image aligncenter\"><img decoding=\"async\" src=\"https:\/\/tonamidia.com.br\/wp-content\/uploads\/2025\/08\/julianamoretto-natonamidia-05_tonamidia.jpg\" alt=\"\" class=\"wp-image-192908\" \/><\/figure>\n<!-- \/wp:image -->\n\n<!-- wp:paragraph -->\n<p>O lan\u00e7amento demonstra a aposta da T\u00f4 Na M\u00eddia em atender demandas de artistas que buscam solu\u00e7\u00f5es integradas de conte\u00fado, fortalecendo parcerias na cena musical e de entretenimento. Juliana Moretto, destacada pela sua versatilidade, participou da fase inicial na nova estrutura, sinalizando o potencial de futuras produ\u00e7\u00f5es conjuntas.<\/p>\n<!-- \/wp:paragraph -->\n\n<!-- wp:paragraph -->\n<p>Profissionais da produ\u00e7\u00e3o elogiaram a racionaliza\u00e7\u00e3o dos espa\u00e7os e a qualidade dos equipamentos. A expectativa \u00e9 que a novidade gane visibilidade no cen\u00e1rio de S\u00e3o Paulo, atraindo mais artistas interessados em grava\u00e7\u00f5es de clipes e podcasts em um mesmo ambiente.<\/p>\n<!-- \/wp:paragraph -->\n\n<!-- wp:paragraph -->\n<p>ITENS INDIVIDUAIS:<\/p>\n<!-- \/wp:paragraph -->\n\n<!-- wp:list -->\n<ul class=\"wp-block-list\"><!-- wp:list-item -->\n<li>Tecido Regular (1,05m x 2,20m): (Acabamento em velco e bolsa)<\/li>\n<!-- \/wp:list-item -->\n\n<!-- wp:list-item -->\n<li>Tubo Extens\u00edvel (0,90m-1,40m):<\/li>\n<!-- \/wp:list-item -->\n\n<!-- wp:list-item -->\n<li>Mesa Dobr\u00e1vel:<\/li>\n<!-- \/wp:list-item -->\n\n<!-- wp:list-item -->\n<li>Cadeira Dobr\u00e1vel:<\/li>\n<!-- \/wp:list-item -->\n\n<!-- wp:list-item -->\n<li>Tapete Vulcanizado:<\/li>\n<!-- \/wp:list-item -->\n\n<!-- wp:list-item -->\n<li>Ribalta LED:<\/li>\n<!-- \/wp:list-item --><\/ul>\n<!-- \/wp:list -->\n\n<!-- wp:paragraph -->\n<p>KIT CAMARIM B\u00c1SICO (6 PE\u00c7AS) CONT\u00c9M:<\/p>\n<!-- \/wp:paragraph -->\n\n<!-- wp:list -->\n<ul class=\"wp-block-list\"><!-- wp:list-item -->\n<li>3 Tecidos Regulares<\/li>\n<!-- \/wp:list-item -->\n\n<!-- wp:list-item -->\n<li>3 Tubos Extens\u00edveis<\/li>\n<!-- \/wp:list-item --><\/ul>\n<!-- \/wp:list -->\n\n<!-- wp:paragraph -->\n<p>KIT CAMARIM INICIAL (8 PE\u00c7AS) CONT\u00c9M:<\/p>\n<!-- \/wp:paragraph -->\n\n<!-- wp:list -->\n<ul class=\"wp-block-list\"><!-- wp:list-item -->\n<li>4 Tecidos Regulares<\/li>\n<!-- \/wp:list-item -->\n\n<!-- wp:list-item -->\n<li>4 Tubos Extens\u00edveis<\/li>\n<!-- \/wp:list-item --><\/ul>\n<!-- \/wp:list -->\n\n<!-- wp:paragraph -->\n<p>KIT CAMARIM PLUS (20 PE\u00c7AS) CONT\u00c9M:<\/p>\n<!-- \/wp:paragraph -->\n\n<!-- wp:list -->\n<ul class=\"wp-block-list\"><!-- wp:list-item -->\n<li>8 Tecidos Regulares<\/li>\n<!-- \/wp:list-item -->\n\n<!-- wp:list-item -->\n<li>8 Tubos Extens\u00edveis<\/li>\n<!-- \/wp:list-item -->\n\n<!-- wp:list-item -->\n<li>1 Mesa Dobr\u00e1vel<\/li>\n<!-- \/wp:list-item -->\n\n<!-- wp:list-item -->\n<li>2 Cadeiras Dobr\u00e1veis<\/li>\n<!-- \/wp:list-item -->\n\n<!-- wp:list-item -->\n<li>1 Tapete Vulcanizado<\/li>\n<!-- \/wp:list-item --><\/ul>\n<!-- \/wp:list -->\n\n<!-- wp:paragraph -->\n<p>KIT CAMARIM PREMIUM (29 PE\u00c7AS) CONT\u00c9M:<\/p>\n<!-- \/wp:paragraph -->\n\n<!-- wp:list -->\n<ul class=\"wp-block-list\"><!-- wp:list-item -->\n<li>12 Tecidos Regulares<\/li>\n<!-- \/wp:list-item -->\n\n<!-- wp:list-item -->\n<li>12 Tubos Extens\u00edveis<\/li>\n<!-- \/wp:list-item -->\n\n<!-- wp:list-item -->\n<li>1 Mesa Dobr\u00e1vel<\/li>\n<!-- \/wp:list-item -->\n\n<!-- wp:list-item -->\n<li>2 Cadeiras Dobr\u00e1veis<\/li>\n<!-- \/wp:list-item -->\n\n<!-- wp:list-item -->\n<li>1 Tapete Vulcanizado<\/li>\n<!-- \/wp:list-item -->\n\n<!-- wp:list-item -->\n<li>2 Ribaltas LED<\/li>\n<!-- \/wp:list-item --><\/ul>\n<!-- \/wp:list -->\n\n<!-- wp:paragraph -->\n<p>KIT CAMARIM TOP MASTER (38 PE\u00c7AS) CONT\u00c9M:<\/p>\n<!-- \/wp:paragraph -->\n\n<!-- wp:list -->\n<ul class=\"wp-block-list\"><!-- wp:list-item -->\n<li>16 Tecidos Regulares<\/li>\n<!-- \/wp:list-item -->\n\n<!-- wp:list-item -->\n<li>16 Tubos Extens\u00edveis<\/li>\n<!-- \/wp:list-item -->\n\n<!-- wp:list-item -->\n<li>1 Mesa Dobr\u00e1vel<\/li>\n<!-- \/wp:list-item -->\n\n<!-- wp:list-item -->\n<li>2 Cadeiras Dobr\u00e1veis<\/li>\n<!-- \/wp:list-item -->\n\n<!-- wp:list-item -->\n<li>2 Tapetes Vulcanizados<\/li>\n<!-- \/wp:list-item -->\n\n<!-- wp:list-item -->\n<li>4 Ribaltas LED<\/li>\n<!-- \/wp:list-item --><\/ul>\n<!-- \/wp:list -->\n\n<!-- wp:paragraph -->\n<p>KIT CAMARIM MASTER PLUS (47 PE\u00c7AS) CONT\u00c9M:<\/p>\n<!-- \/wp:paragraph -->\n\n<!-- wp:list -->\n<ul class=\"wp-block-list\"><!-- wp:list-item -->\n<li>20 Tecidos Regulares<\/li>\n<!-- \/wp:list-item -->\n\n<!-- wp:list-item -->\n<li>20 Tubos Extens\u00edveis<\/li>\n<!-- \/wp:list-item -->\n\n<!-- wp:list-item -->\n<li>1 Mesa Dobr\u00e1vel<\/li>\n<!-- \/wp:list-item -->\n\n<!-- wp:list-item -->\n<li>2 Cadeiras Dobr\u00e1veis<\/li>\n<!-- \/wp:list-item -->\n\n<!-- wp:list-item -->\n<li>2 Tapetes Vulcanizados<\/li>\n<!-- \/wp:list-item -->\n\n<!-- wp:list-item -->\n<li>4 Ribaltas LED<\/li>\n<!-- \/wp:list-item --><\/ul>\n<!-- \/wp:list -->\n\n<!-- wp:paragraph -->\n<p>KIT CAMARIM SUPER PREMIUM (56 PE\u00c7AS) CONT\u00c9M:<\/p>\n<!-- \/wp:paragraph -->\n\n<!-- wp:list -->\n<ul class=\"wp-block-list\"><!-- wp:list-item -->\n<li>24 Tecidos Regulares<\/li>\n<!-- \/wp:list-item -->\n\n<!-- wp:list-item -->\n<li>24 Tubos Extens\u00edveis<\/li>\n<!-- \/wp:list-item -->\n\n<!-- wp:list-item -->\n<li>1 Mesa Dobr\u00e1vel<\/li>\n<!-- \/wp:list-item -->\n\n<!-- wp:list-item -->\n<li>2 Cadeiras Dobr\u00e1veis<\/li>\n<!-- \/wp:list-item -->\n\n<!-- wp:list-item -->\n<li>2 Tapetes Vulcanizados<\/li>\n<!-- \/wp:list-item -->\n\n<!-- wp:list-item -->\n<li>4 Ribaltas LED<\/li>\n<!-- \/wp:list-item --><\/ul>\n<!-- \/wp:list -->\n\n<!-- wp:paragraph -->\n<p>MONTE SEU KIT PERSONALIZADO!\nN\u00e3o encontrou o kit ideal? Monte o seu!<\/p>\n<!-- \/wp:paragraph -->\n\n<!-- wp:list -->\n<ul class=\"wp-block-list\"><!-- wp:list-item -->\n<li>Escolha os itens que mais combinam com sua necessidade<\/li>\n<!-- \/wp:list-item -->\n\n<!-- wp:list-item -->\n<li>Quanto maior seu kit, maior seu desconto<\/li>\n<!-- \/wp:list-item -->\n\n<!-- wp:list-item -->\n<li>Consultoria especializada para melhor aproveitamento<\/li>\n<!-- \/wp:list-item -->\n\n<!-- wp:list-item -->\n<li>Projeto personalizado para seu espa\u00e7o<\/li>\n<!-- \/wp:list-item --><\/ul>\n<!-- \/wp:list -->\n\n<!-- wp:paragraph -->\n<p>Solicite seu or\u00e7amento:\nWhatsApp: <a href=\"https:\/\/api.whatsapp.com\/send?phone=5511950607381\" target=\"_blank\" rel=\"noreferrer noopener\">11-950607381<\/a>\nEmail: comercial@tonamidia.com.br<\/p>\n<!-- \/wp:paragraph -->\n\n<!-- wp:embed \"url\":\"https:\/\/www.youtube.com\/watch?v=6ZNfLRkYSBI\",\"type\":\"video\",\"providerNameSlug\":\"youtube\",\"responsive\":true,\"className\":\"wp-embed-aspect-16-9 wp-has-aspect-ratio\" -->\n<figure class=\"wp-block-embed is-type-video is-provider-youtube wp-block-embed-youtube wp-embed-aspect-16-9 wp-has-aspect-ratio\"><div class=\"wp-block-embed__wrapper\">\n<iframe loading=\"lazy\" title=\"No Camarim Com Juliana Moretto | T\u00f4 Na M\u00eddia Music\" width=\"640\" height=\"360\" src=\"https:\/\/www.youtube.com\/embed\/6ZNfLRkYSBI?feature=oembed\" frameborder=\"0\" allow=\"accelerometer; autoplay; clipboard-write; encrypted-media; gyroscope; picture-in-picture; web-share\" referrerpolicy=\"strict-origin-when-cross-origin\" allowfullscreen><\/iframe>\n<\/div><\/figure>\n<!-- \/wp:embed -->\n\n<!-- wp:image \"id\":192906,\"align\":\"center\" -->\n<figure class=\"wp-block-image aligncenter\"><img decoding=\"async\" src=\"https:\/\/tonamidia.com.br\/wp-content\/uploads\/2025\/08\/julianamoretto-natonamidia-03_tonamidia.jpg\" alt=\"\" class=\"wp-image-192906\" \/><\/figure>\n<!-- \/wp:image -->\n\n<!-- wp:image \"id\":192905,\"align\":\"center\" -->\n<figure class=\"wp-block-image aligncenter\"><img decoding=\"async\" src=\"https:\/\/tonamidia.com.br\/wp-content\/uploads\/2025\/08\/julianamoretto-natonamidia-02_tonamidia.jpg\" alt=\"\" class=\"wp-image-192905\" \/><\/figure>\n<!-- \/wp:image -->\n\n<!-- wp:paragraph -->\n<p>#claudelopes70 #jocarsveiculos #elaboramidia #grupomarinho #onerpm #julianamoretto #gravacaodeclipes #camarimportatil #kitscamarins #ribaltaled #tapetesvulcanizados #tapetespersonalizados<\/p>\n<!-- \/wp:paragraph -->","protected":false},"excerpt":{"rendered":"<p>A cantora Juliana Moretto marcou o lan\u00e7amento da nova estrutura da T\u00f4 Na M\u00eddia, com grava\u00e7\u00e3o simult\u00e2nea de clipe e podcast. A visita ocorreu nesta semana na sede da empresa, localizada no Butant\u00e3, zona oeste da capital paulista. A mudan\u00e7a abre espa\u00e7o para produ\u00e7\u00f5es multim\u00eddia integradas, ampliando as possibilidades criativas para artistas que buscam versatilidade \u2026<\/p>\n","protected":false},"author":2,"featured_media":1680,"comment_status":"closed","ping_status":"open","sticky":false,"template":"","format":"standard","meta":{"footnotes":""},"categories":[8],"tags":[9,78,79],"class_list":["post-1681","post","type-post","status-publish","format-standard","has-post-thumbnail","hentry","category-musica","tag-claudelopes70","tag-julianamoretto","tag-kitscamarins"],"yoast_head":"<!-- This site is optimized with the Yoast SEO plugin v25.5 - https:\/\/yoast.com\/wordpress\/plugins\/seo\/ -->\n<title>Juliana Moretto estreia estrutura da T\u00f4 Na M\u00eddia, com grava\u00e7\u00e3o de clipe e podcast - Portal do Estado<\/title>\n<meta name=\"robots\" content=\"index, follow, max-snippet:-1, max-image-preview:large, max-video-preview:-1\" \/>\n<link rel=\"canonical\" href=\"https:\/\/portaldoestado.com.br\/index.php\/2025\/08\/13\/juliana-moretto-estreia-estrutura-da-to-na-midia-com-gravacao-de-clipe-e-podcast\/\" \/>\n<meta property=\"og:locale\" content=\"pt_BR\" \/>\n<meta property=\"og:type\" content=\"article\" \/>\n<meta property=\"og:title\" content=\"Juliana Moretto estreia estrutura da T\u00f4 Na M\u00eddia, com grava\u00e7\u00e3o de clipe e podcast - Portal do Estado\" \/>\n<meta property=\"og:description\" content=\"A cantora Juliana Moretto marcou o lan\u00e7amento da nova estrutura da T\u00f4 Na M\u00eddia, com grava\u00e7\u00e3o simult\u00e2nea de clipe e podcast. A visita ocorreu nesta semana na sede da empresa, localizada no Butant\u00e3, zona oeste da capital paulista. A mudan\u00e7a abre espa\u00e7o para produ\u00e7\u00f5es multim\u00eddia integradas, ampliando as possibilidades criativas para artistas que buscam versatilidade \u2026\" \/>\n<meta property=\"og:url\" content=\"https:\/\/portaldoestado.com.br\/index.php\/2025\/08\/13\/juliana-moretto-estreia-estrutura-da-to-na-midia-com-gravacao-de-clipe-e-podcast\/\" \/>\n<meta property=\"og:site_name\" content=\"Portal do Estado\" \/>\n<meta property=\"article:published_time\" content=\"2025-08-13T15:56:08+00:00\" \/>\n<meta property=\"og:image\" content=\"https:\/\/portaldoestado.com.br\/wp-content\/uploads\/2025\/08\/julianamoretto-natonamidia-03_tonamidia.jpg\" \/>\n\t<meta property=\"og:image:width\" content=\"760\" \/>\n\t<meta property=\"og:image:height\" content=\"428\" \/>\n\t<meta property=\"og:image:type\" content=\"image\/jpeg\" \/>\n<meta name=\"author\" content=\"assessoriadefamosos\" \/>\n<meta name=\"twitter:card\" content=\"summary_large_image\" \/>\n<meta name=\"twitter:label1\" content=\"Escrito por\" \/>\n\t<meta name=\"twitter:data1\" content=\"assessoriadefamosos\" \/>\n\t<meta name=\"twitter:label2\" content=\"Est. tempo de leitura\" \/>\n\t<meta name=\"twitter:data2\" content=\"2 minutos\" \/>\n<script type=\"application\/ld+json\" class=\"yoast-schema-graph\">{\"@context\":\"https:\/\/schema.org\",\"@graph\":[{\"@type\":\"Article\",\"@id\":\"https:\/\/portaldoestado.com.br\/index.php\/2025\/08\/13\/juliana-moretto-estreia-estrutura-da-to-na-midia-com-gravacao-de-clipe-e-podcast\/#article\",\"isPartOf\":{\"@id\":\"https:\/\/portaldoestado.com.br\/index.php\/2025\/08\/13\/juliana-moretto-estreia-estrutura-da-to-na-midia-com-gravacao-de-clipe-e-podcast\/\"},\"author\":{\"name\":\"assessoriadefamosos\",\"@id\":\"https:\/\/portaldoestado.com.br\/#\/schema\/person\/5ca0174f3c8c84b59da62ea14b698cb9\"},\"headline\":\"Juliana Moretto estreia estrutura da T\u00f4 Na M\u00eddia, com grava\u00e7\u00e3o de clipe e podcast\",\"datePublished\":\"2025-08-13T15:56:08+00:00\",\"mainEntityOfPage\":{\"@id\":\"https:\/\/portaldoestado.com.br\/index.php\/2025\/08\/13\/juliana-moretto-estreia-estrutura-da-to-na-midia-com-gravacao-de-clipe-e-podcast\/\"},\"wordCount\":479,\"publisher\":{\"@id\":\"https:\/\/portaldoestado.com.br\/#organization\"},\"image\":{\"@id\":\"https:\/\/portaldoestado.com.br\/index.php\/2025\/08\/13\/juliana-moretto-estreia-estrutura-da-to-na-midia-com-gravacao-de-clipe-e-podcast\/#primaryimage\"},\"thumbnailUrl\":\"https:\/\/portaldoestado.com.br\/wp-content\/uploads\/2025\/08\/julianamoretto-natonamidia-03_tonamidia.jpg\",\"keywords\":[\"claudelopes70\",\"julianamoretto\",\"kitscamarins\"],\"articleSection\":[\"M\u00fasica\"],\"inLanguage\":\"pt-BR\"},{\"@type\":\"WebPage\",\"@id\":\"https:\/\/portaldoestado.com.br\/index.php\/2025\/08\/13\/juliana-moretto-estreia-estrutura-da-to-na-midia-com-gravacao-de-clipe-e-podcast\/\",\"url\":\"https:\/\/portaldoestado.com.br\/index.php\/2025\/08\/13\/juliana-moretto-estreia-estrutura-da-to-na-midia-com-gravacao-de-clipe-e-podcast\/\",\"name\":\"Juliana Moretto estreia estrutura da T\u00f4 Na M\u00eddia, com grava\u00e7\u00e3o de clipe e podcast - Portal do Estado\",\"isPartOf\":{\"@id\":\"https:\/\/portaldoestado.com.br\/#website\"},\"primaryImageOfPage\":{\"@id\":\"https:\/\/portaldoestado.com.br\/index.php\/2025\/08\/13\/juliana-moretto-estreia-estrutura-da-to-na-midia-com-gravacao-de-clipe-e-podcast\/#primaryimage\"},\"image\":{\"@id\":\"https:\/\/portaldoestado.com.br\/index.php\/2025\/08\/13\/juliana-moretto-estreia-estrutura-da-to-na-midia-com-gravacao-de-clipe-e-podcast\/#primaryimage\"},\"thumbnailUrl\":\"https:\/\/portaldoestado.com.br\/wp-content\/uploads\/2025\/08\/julianamoretto-natonamidia-03_tonamidia.jpg\",\"datePublished\":\"2025-08-13T15:56:08+00:00\",\"breadcrumb\":{\"@id\":\"https:\/\/portaldoestado.com.br\/index.php\/2025\/08\/13\/juliana-moretto-estreia-estrutura-da-to-na-midia-com-gravacao-de-clipe-e-podcast\/#breadcrumb\"},\"inLanguage\":\"pt-BR\",\"potentialAction\":[{\"@type\":\"ReadAction\",\"target\":[\"https:\/\/portaldoestado.com.br\/index.php\/2025\/08\/13\/juliana-moretto-estreia-estrutura-da-to-na-midia-com-gravacao-de-clipe-e-podcast\/\"]}]},{\"@type\":\"ImageObject\",\"inLanguage\":\"pt-BR\",\"@id\":\"https:\/\/portaldoestado.com.br\/index.php\/2025\/08\/13\/juliana-moretto-estreia-estrutura-da-to-na-midia-com-gravacao-de-clipe-e-podcast\/#primaryimage\",\"url\":\"https:\/\/portaldoestado.com.br\/wp-content\/uploads\/2025\/08\/julianamoretto-natonamidia-03_tonamidia.jpg\",\"contentUrl\":\"https:\/\/portaldoestado.com.br\/wp-content\/uploads\/2025\/08\/julianamoretto-natonamidia-03_tonamidia.jpg\",\"width\":760,\"height\":428},{\"@type\":\"BreadcrumbList\",\"@id\":\"https:\/\/portaldoestado.com.br\/index.php\/2025\/08\/13\/juliana-moretto-estreia-estrutura-da-to-na-midia-com-gravacao-de-clipe-e-podcast\/#breadcrumb\",\"itemListElement\":[{\"@type\":\"ListItem\",\"position\":1,\"name\":\"In\u00edcio\",\"item\":\"https:\/\/portaldoestado.com.br\/\"},{\"@type\":\"ListItem\",\"position\":2,\"name\":\"Juliana Moretto estreia estrutura da T\u00f4 Na M\u00eddia, com grava\u00e7\u00e3o de clipe e podcast\"}]},{\"@type\":\"WebSite\",\"@id\":\"https:\/\/portaldoestado.com.br\/#website\",\"url\":\"https:\/\/portaldoestado.com.br\/\",\"name\":\"Portal do Estado\",\"description\":\"\",\"publisher\":{\"@id\":\"https:\/\/portaldoestado.com.br\/#organization\"},\"potentialAction\":[{\"@type\":\"SearchAction\",\"target\":{\"@type\":\"EntryPoint\",\"urlTemplate\":\"https:\/\/portaldoestado.com.br\/?s={search_term_string}\"},\"query-input\":{\"@type\":\"PropertyValueSpecification\",\"valueRequired\":true,\"valueName\":\"search_term_string\"}}],\"inLanguage\":\"pt-BR\"},{\"@type\":\"Organization\",\"@id\":\"https:\/\/portaldoestado.com.br\/#organization\",\"name\":\"Portal do Estado\",\"url\":\"https:\/\/portaldoestado.com.br\/\",\"logo\":{\"@type\":\"ImageObject\",\"inLanguage\":\"pt-BR\",\"@id\":\"https:\/\/portaldoestado.com.br\/#\/schema\/logo\/image\/\",\"url\":\"https:\/\/portaldoestado.com.br\/wp-content\/uploads\/2025\/04\/cropped-6f69b19a-6472-43bf-b1b3-e1910bbbd4e8.png\",\"contentUrl\":\"https:\/\/portaldoestado.com.br\/wp-content\/uploads\/2025\/04\/cropped-6f69b19a-6472-43bf-b1b3-e1910bbbd4e8.png\",\"width\":1024,\"height\":350,\"caption\":\"Portal do Estado\"},\"image\":{\"@id\":\"https:\/\/portaldoestado.com.br\/#\/schema\/logo\/image\/\"}},{\"@type\":\"Person\",\"@id\":\"https:\/\/portaldoestado.com.br\/#\/schema\/person\/5ca0174f3c8c84b59da62ea14b698cb9\",\"name\":\"assessoriadefamosos\",\"image\":{\"@type\":\"ImageObject\",\"inLanguage\":\"pt-BR\",\"@id\":\"https:\/\/portaldoestado.com.br\/#\/schema\/person\/image\/\",\"url\":\"https:\/\/secure.gravatar.com\/avatar\/a7acbdffcfbbae7240e59f47fe511ec5f5d8c252c779f0b8d9ab02a9e1d8c5ed?s=96&d=mm&r=g\",\"contentUrl\":\"https:\/\/secure.gravatar.com\/avatar\/a7acbdffcfbbae7240e59f47fe511ec5f5d8c252c779f0b8d9ab02a9e1d8c5ed?s=96&d=mm&r=g\",\"caption\":\"assessoriadefamosos\"},\"url\":\"https:\/\/portaldoestado.com.br\/index.php\/author\/assessoriadefamosos\/\"}]}<\/script>\n<!-- \/ Yoast SEO plugin. -->","yoast_head_json":{"title":"Juliana Moretto estreia estrutura da T\u00f4 Na M\u00eddia, com grava\u00e7\u00e3o de clipe e podcast - Portal do Estado","robots":{"index":"index","follow":"follow","max-snippet":"max-snippet:-1","max-image-preview":"max-image-preview:large","max-video-preview":"max-video-preview:-1"},"canonical":"https:\/\/portaldoestado.com.br\/index.php\/2025\/08\/13\/juliana-moretto-estreia-estrutura-da-to-na-midia-com-gravacao-de-clipe-e-podcast\/","og_locale":"pt_BR","og_type":"article","og_title":"Juliana Moretto estreia estrutura da T\u00f4 Na M\u00eddia, com grava\u00e7\u00e3o de clipe e podcast - Portal do Estado","og_description":"A cantora Juliana Moretto marcou o lan\u00e7amento da nova estrutura da T\u00f4 Na M\u00eddia, com grava\u00e7\u00e3o simult\u00e2nea de clipe e podcast. A visita ocorreu nesta semana na sede da empresa, localizada no Butant\u00e3, zona oeste da capital paulista. A mudan\u00e7a abre espa\u00e7o para produ\u00e7\u00f5es multim\u00eddia integradas, ampliando as possibilidades criativas para artistas que buscam versatilidade \u2026","og_url":"https:\/\/portaldoestado.com.br\/index.php\/2025\/08\/13\/juliana-moretto-estreia-estrutura-da-to-na-midia-com-gravacao-de-clipe-e-podcast\/","og_site_name":"Portal do Estado","article_published_time":"2025-08-13T15:56:08+00:00","og_image":[{"width":760,"height":428,"url":"https:\/\/portaldoestado.com.br\/wp-content\/uploads\/2025\/08\/julianamoretto-natonamidia-03_tonamidia.jpg","type":"image\/jpeg"}],"author":"assessoriadefamosos","twitter_card":"summary_large_image","twitter_misc":{"Escrito por":"assessoriadefamosos","Est. tempo de leitura":"2 minutos"},"schema":{"@context":"https:\/\/schema.org","@graph":[{"@type":"Article","@id":"https:\/\/portaldoestado.com.br\/index.php\/2025\/08\/13\/juliana-moretto-estreia-estrutura-da-to-na-midia-com-gravacao-de-clipe-e-podcast\/#article","isPartOf":{"@id":"https:\/\/portaldoestado.com.br\/index.php\/2025\/08\/13\/juliana-moretto-estreia-estrutura-da-to-na-midia-com-gravacao-de-clipe-e-podcast\/"},"author":{"name":"assessoriadefamosos","@id":"https:\/\/portaldoestado.com.br\/#\/schema\/person\/5ca0174f3c8c84b59da62ea14b698cb9"},"headline":"Juliana Moretto estreia estrutura da T\u00f4 Na M\u00eddia, com grava\u00e7\u00e3o de clipe e podcast","datePublished":"2025-08-13T15:56:08+00:00","mainEntityOfPage":{"@id":"https:\/\/portaldoestado.com.br\/index.php\/2025\/08\/13\/juliana-moretto-estreia-estrutura-da-to-na-midia-com-gravacao-de-clipe-e-podcast\/"},"wordCount":479,"publisher":{"@id":"https:\/\/portaldoestado.com.br\/#organization"},"image":{"@id":"https:\/\/portaldoestado.com.br\/index.php\/2025\/08\/13\/juliana-moretto-estreia-estrutura-da-to-na-midia-com-gravacao-de-clipe-e-podcast\/#primaryimage"},"thumbnailUrl":"https:\/\/portaldoestado.com.br\/wp-content\/uploads\/2025\/08\/julianamoretto-natonamidia-03_tonamidia.jpg","keywords":["claudelopes70","julianamoretto","kitscamarins"],"articleSection":["M\u00fasica"],"inLanguage":"pt-BR"},{"@type":"WebPage","@id":"https:\/\/portaldoestado.com.br\/index.php\/2025\/08\/13\/juliana-moretto-estreia-estrutura-da-to-na-midia-com-gravacao-de-clipe-e-podcast\/","url":"https:\/\/portaldoestado.com.br\/index.php\/2025\/08\/13\/juliana-moretto-estreia-estrutura-da-to-na-midia-com-gravacao-de-clipe-e-podcast\/","name":"Juliana Moretto estreia estrutura da T\u00f4 Na M\u00eddia, com grava\u00e7\u00e3o de clipe e podcast - Portal do Estado","isPartOf":{"@id":"https:\/\/portaldoestado.com.br\/#website"},"primaryImageOfPage":{"@id":"https:\/\/portaldoestado.com.br\/index.php\/2025\/08\/13\/juliana-moretto-estreia-estrutura-da-to-na-midia-com-gravacao-de-clipe-e-podcast\/#primaryimage"},"image":{"@id":"https:\/\/portaldoestado.com.br\/index.php\/2025\/08\/13\/juliana-moretto-estreia-estrutura-da-to-na-midia-com-gravacao-de-clipe-e-podcast\/#primaryimage"},"thumbnailUrl":"https:\/\/portaldoestado.com.br\/wp-content\/uploads\/2025\/08\/julianamoretto-natonamidia-03_tonamidia.jpg","datePublished":"2025-08-13T15:56:08+00:00","breadcrumb":{"@id":"https:\/\/portaldoestado.com.br\/index.php\/2025\/08\/13\/juliana-moretto-estreia-estrutura-da-to-na-midia-com-gravacao-de-clipe-e-podcast\/#breadcrumb"},"inLanguage":"pt-BR","potentialAction":[{"@type":"ReadAction","target":["https:\/\/portaldoestado.com.br\/index.php\/2025\/08\/13\/juliana-moretto-estreia-estrutura-da-to-na-midia-com-gravacao-de-clipe-e-podcast\/"]}]},{"@type":"ImageObject","inLanguage":"pt-BR","@id":"https:\/\/portaldoestado.com.br\/index.php\/2025\/08\/13\/juliana-moretto-estreia-estrutura-da-to-na-midia-com-gravacao-de-clipe-e-podcast\/#primaryimage","url":"https:\/\/portaldoestado.com.br\/wp-content\/uploads\/2025\/08\/julianamoretto-natonamidia-03_tonamidia.jpg","contentUrl":"https:\/\/portaldoestado.com.br\/wp-content\/uploads\/2025\/08\/julianamoretto-natonamidia-03_tonamidia.jpg","width":760,"height":428},{"@type":"BreadcrumbList","@id":"https:\/\/portaldoestado.com.br\/index.php\/2025\/08\/13\/juliana-moretto-estreia-estrutura-da-to-na-midia-com-gravacao-de-clipe-e-podcast\/#breadcrumb","itemListElement":[{"@type":"ListItem","position":1,"name":"In\u00edcio","item":"https:\/\/portaldoestado.com.br\/"},{"@type":"ListItem","position":2,"name":"Juliana Moretto estreia estrutura da T\u00f4 Na M\u00eddia, com grava\u00e7\u00e3o de clipe e podcast"}]},{"@type":"WebSite","@id":"https:\/\/portaldoestado.com.br\/#website","url":"https:\/\/portaldoestado.com.br\/","name":"Portal do Estado","description":"","publisher":{"@id":"https:\/\/portaldoestado.com.br\/#organization"},"potentialAction":[{"@type":"SearchAction","target":{"@type":"EntryPoint","urlTemplate":"https:\/\/portaldoestado.com.br\/?s={search_term_string}"},"query-input":{"@type":"PropertyValueSpecification","valueRequired":true,"valueName":"search_term_string"}}],"inLanguage":"pt-BR"},{"@type":"Organization","@id":"https:\/\/portaldoestado.com.br\/#organization","name":"Portal do Estado","url":"https:\/\/portaldoestado.com.br\/","logo":{"@type":"ImageObject","inLanguage":"pt-BR","@id":"https:\/\/portaldoestado.com.br\/#\/schema\/logo\/image\/","url":"https:\/\/portaldoestado.com.br\/wp-content\/uploads\/2025\/04\/cropped-6f69b19a-6472-43bf-b1b3-e1910bbbd4e8.png","contentUrl":"https:\/\/portaldoestado.com.br\/wp-content\/uploads\/2025\/04\/cropped-6f69b19a-6472-43bf-b1b3-e1910bbbd4e8.png","width":1024,"height":350,"caption":"Portal do Estado"},"image":{"@id":"https:\/\/portaldoestado.com.br\/#\/schema\/logo\/image\/"}},{"@type":"Person","@id":"https:\/\/portaldoestado.com.br\/#\/schema\/person\/5ca0174f3c8c84b59da62ea14b698cb9","name":"assessoriadefamosos","image":{"@type":"ImageObject","inLanguage":"pt-BR","@id":"https:\/\/portaldoestado.com.br\/#\/schema\/person\/image\/","url":"https:\/\/secure.gravatar.com\/avatar\/a7acbdffcfbbae7240e59f47fe511ec5f5d8c252c779f0b8d9ab02a9e1d8c5ed?s=96&d=mm&r=g","contentUrl":"https:\/\/secure.gravatar.com\/avatar\/a7acbdffcfbbae7240e59f47fe511ec5f5d8c252c779f0b8d9ab02a9e1d8c5ed?s=96&d=mm&r=g","caption":"assessoriadefamosos"},"url":"https:\/\/portaldoestado.com.br\/index.php\/author\/assessoriadefamosos\/"}]}},"jetpack_featured_media_url":"https:\/\/portaldoestado.com.br\/wp-content\/uploads\/2025\/08\/julianamoretto-natonamidia-03_tonamidia.jpg","_links":{"self":[{"href":"https:\/\/portaldoestado.com.br\/index.php\/wp-json\/wp\/v2\/posts\/1681","targetHints":{"allow":["GET"]}}],"collection":[{"href":"https:\/\/portaldoestado.com.br\/index.php\/wp-json\/wp\/v2\/posts"}],"about":[{"href":"https:\/\/portaldoestado.com.br\/index.php\/wp-json\/wp\/v2\/types\/post"}],"author":[{"embeddable":true,"href":"https:\/\/portaldoestado.com.br\/index.php\/wp-json\/wp\/v2\/users\/2"}],"replies":[{"embeddable":true,"href":"https:\/\/portaldoestado.com.br\/index.php\/wp-json\/wp\/v2\/comments?post=1681"}],"version-history":[{"count":1,"href":"https:\/\/portaldoestado.com.br\/index.php\/wp-json\/wp\/v2\/posts\/1681\/revisions"}],"predecessor-version":[{"id":1682,"href":"https:\/\/portaldoestado.com.br\/index.php\/wp-json\/wp\/v2\/posts\/1681\/revisions\/1682"}],"wp:featuredmedia":[{"embeddable":true,"href":"https:\/\/portaldoestado.com.br\/index.php\/wp-json\/wp\/v2\/media\/1680"}],"wp:attachment":[{"href":"https:\/\/portaldoestado.com.br\/index.php\/wp-json\/wp\/v2\/media?parent=1681"}],"wp:term":[{"taxonomy":"category","embeddable":true,"href":"https:\/\/portaldoestado.com.br\/index.php\/wp-json\/wp\/v2\/categories?post=1681"},{"taxonomy":"post_tag","embeddable":true,"href":"https:\/\/portaldoestado.com.br\/index.php\/wp-json\/wp\/v2\/tags?post=1681"}],"curies":[{"name":"wp","href":"https:\/\/api.w.org\/{rel}","templated":true}]}}