{"id":1584,"date":"2025-08-07T17:01:12","date_gmt":"2025-08-07T17:01:12","guid":{"rendered":"https:\/\/portaldoestado.com.br\/?p=1584"},"modified":"2025-08-07T17:01:12","modified_gmt":"2025-08-07T17:01:12","slug":"reviraram-tudo-e-sairam-de-maos-vazias-diz-bia-miranda-apos-operacao-policial-em-sua-casa","status":"publish","type":"post","link":"https:\/\/portaldoestado.com.br\/index.php\/2025\/08\/07\/reviraram-tudo-e-sairam-de-maos-vazias-diz-bia-miranda-apos-operacao-policial-em-sua-casa\/","title":{"rendered":"\u201cReviraram tudo e sa\u00edram de m\u00e3os vazias\u201d, diz Bia Miranda ap\u00f3s opera\u00e7\u00e3o policial em sua casa"},"content":{"rendered":"\n<p>Na manh\u00e3 desta quinta-feira (07\/08), a influenciadora Bia Miranda, de 21 anos, recorreu \u00e0s redes sociais para relatar momentos de tens\u00e3o vividos durante uma opera\u00e7\u00e3o da Pol\u00edcia Civil do Rio de Janeiro, que aconteceu em sua resid\u00eancia. A a\u00e7\u00e3o integra a <strong>Opera\u00e7\u00e3o Desfortuna<\/strong>, que investiga poss\u00edveis crimes ligados \u00e0 promo\u00e7\u00e3o de jogos de azar online.<\/p>\n\n\n\n<p>Nos stories do Instagram \u2014 que foram deletados pouco tempo depois \u2014 Bia expressou revolta com a maneira como os agentes conduziram a busca. Segundo ela, a casa foi vasculhada minuciosamente, mas nenhuma prova foi encontrada. \u201cEles passaram horas procurando alguma coisa, bagun\u00e7aram todo o meu quarto, o closet&#8230; e no fim das contas n\u00e3o levaram nada. Porque, de fato, n\u00e3o tinha nada\u201d, declarou a influenciadora, visivelmente abalada.<\/p>\n\n\n\n<p>Outro ponto levantado por Bia foi a grava\u00e7\u00e3o da opera\u00e7\u00e3o dentro da resid\u00eancia. Ela questionou a exposi\u00e7\u00e3o: \u201cFizeram v\u00eddeos da a\u00e7\u00e3o toda. Qual o sentido disso, se n\u00e3o encontraram nenhuma irregularidade?\u201d, disse, criticando a conduta dos agentes.<\/p>\n\n\n\n<p>Al\u00e9m de Bia, outros nomes populares da internet tamb\u00e9m foram alvos da investiga\u00e7\u00e3o, entre eles o ex-namorado da influenciadora, conhecido como Gato Preto, e seu ex-companheiro Buarque. Juntos, os envolvidos acumulam dezenas de milh\u00f5es de seguidores nas redes sociais, o que aumenta o impacto do caso no meio digital.<\/p>\n\n\n\n<p>Mesmo ap\u00f3s o epis\u00f3dio delicado, Bia decidiu seguir com sua rotina. Ela contou aos seguidores que estava na Bahia e aproveitou para sair \u00e0s compras. \u201cN\u00e3o achei biqu\u00edni bonito em Fortaleza, ent\u00e3o vim procurar por aqui\u201d, comentou, demonstrando leveza apesar dos acontecimentos recentes.<\/p>\n\n\n\n<p>At\u00e9 o momento, nenhum dos investigados se pronunciou oficialmente sobre a opera\u00e7\u00e3o.<\/p>\n","protected":false},"excerpt":{"rendered":"<p>Na manh\u00e3 desta quinta-feira (07\/08), a influenciadora Bia Miranda, de 21 anos, recorreu \u00e0s redes sociais para relatar momentos de tens\u00e3o vividos durante uma opera\u00e7\u00e3o da Pol\u00edcia Civil do Rio de Janeiro, que aconteceu em sua resid\u00eancia. A a\u00e7\u00e3o integra a Opera\u00e7\u00e3o Desfortuna, que investiga poss\u00edveis crimes ligados \u00e0 promo\u00e7\u00e3o de jogos de azar online. \u2026<\/p>\n","protected":false},"author":2,"featured_media":1583,"comment_status":"closed","ping_status":"open","sticky":false,"template":"","format":"standard","meta":{"footnotes":""},"categories":[3],"tags":[],"class_list":["post-1584","post","type-post","status-publish","format-standard","has-post-thumbnail","hentry","category-famosos"],"yoast_head":"<!-- This site is optimized with the Yoast SEO plugin v25.5 - https:\/\/yoast.com\/wordpress\/plugins\/seo\/ -->\n<title>\u201cReviraram tudo e sa\u00edram de m\u00e3os vazias\u201d, diz Bia Miranda ap\u00f3s opera\u00e7\u00e3o policial em sua casa - Portal do Estado<\/title>\n<meta name=\"robots\" content=\"index, follow, max-snippet:-1, max-image-preview:large, max-video-preview:-1\" \/>\n<link rel=\"canonical\" href=\"https:\/\/portaldoestado.com.br\/index.php\/2025\/08\/07\/reviraram-tudo-e-sairam-de-maos-vazias-diz-bia-miranda-apos-operacao-policial-em-sua-casa\/\" \/>\n<meta property=\"og:locale\" content=\"pt_BR\" \/>\n<meta property=\"og:type\" content=\"article\" \/>\n<meta property=\"og:title\" content=\"\u201cReviraram tudo e sa\u00edram de m\u00e3os vazias\u201d, diz Bia Miranda ap\u00f3s opera\u00e7\u00e3o policial em sua casa - Portal do Estado\" \/>\n<meta property=\"og:description\" content=\"Na manh\u00e3 desta quinta-feira (07\/08), a influenciadora Bia Miranda, de 21 anos, recorreu \u00e0s redes sociais para relatar momentos de tens\u00e3o vividos durante uma opera\u00e7\u00e3o da Pol\u00edcia Civil do Rio de Janeiro, que aconteceu em sua resid\u00eancia. A a\u00e7\u00e3o integra a Opera\u00e7\u00e3o Desfortuna, que investiga poss\u00edveis crimes ligados \u00e0 promo\u00e7\u00e3o de jogos de azar online. \u2026\" \/>\n<meta property=\"og:url\" content=\"https:\/\/portaldoestado.com.br\/index.php\/2025\/08\/07\/reviraram-tudo-e-sairam-de-maos-vazias-diz-bia-miranda-apos-operacao-policial-em-sua-casa\/\" \/>\n<meta property=\"og:site_name\" content=\"Portal do Estado\" \/>\n<meta property=\"article:published_time\" content=\"2025-08-07T17:01:12+00:00\" \/>\n<meta property=\"og:image\" content=\"https:\/\/portaldoestado.com.br\/wp-content\/uploads\/2025\/08\/598565898-img2613.webp\" \/>\n\t<meta property=\"og:image:width\" content=\"500\" \/>\n\t<meta property=\"og:image:height\" content=\"281\" \/>\n\t<meta property=\"og:image:type\" content=\"image\/webp\" \/>\n<meta name=\"author\" content=\"assessoriadefamosos\" \/>\n<meta name=\"twitter:card\" content=\"summary_large_image\" \/>\n<meta name=\"twitter:label1\" content=\"Escrito por\" \/>\n\t<meta name=\"twitter:data1\" content=\"assessoriadefamosos\" \/>\n\t<meta name=\"twitter:label2\" content=\"Est. tempo de leitura\" \/>\n\t<meta name=\"twitter:data2\" content=\"1 minuto\" \/>\n<script type=\"application\/ld+json\" class=\"yoast-schema-graph\">{\"@context\":\"https:\/\/schema.org\",\"@graph\":[{\"@type\":\"Article\",\"@id\":\"https:\/\/portaldoestado.com.br\/index.php\/2025\/08\/07\/reviraram-tudo-e-sairam-de-maos-vazias-diz-bia-miranda-apos-operacao-policial-em-sua-casa\/#article\",\"isPartOf\":{\"@id\":\"https:\/\/portaldoestado.com.br\/index.php\/2025\/08\/07\/reviraram-tudo-e-sairam-de-maos-vazias-diz-bia-miranda-apos-operacao-policial-em-sua-casa\/\"},\"author\":{\"name\":\"assessoriadefamosos\",\"@id\":\"https:\/\/portaldoestado.com.br\/#\/schema\/person\/5ca0174f3c8c84b59da62ea14b698cb9\"},\"headline\":\"\u201cReviraram tudo e sa\u00edram de m\u00e3os vazias\u201d, diz Bia Miranda ap\u00f3s opera\u00e7\u00e3o policial em sua casa\",\"datePublished\":\"2025-08-07T17:01:12+00:00\",\"mainEntityOfPage\":{\"@id\":\"https:\/\/portaldoestado.com.br\/index.php\/2025\/08\/07\/reviraram-tudo-e-sairam-de-maos-vazias-diz-bia-miranda-apos-operacao-policial-em-sua-casa\/\"},\"wordCount\":307,\"publisher\":{\"@id\":\"https:\/\/portaldoestado.com.br\/#organization\"},\"image\":{\"@id\":\"https:\/\/portaldoestado.com.br\/index.php\/2025\/08\/07\/reviraram-tudo-e-sairam-de-maos-vazias-diz-bia-miranda-apos-operacao-policial-em-sua-casa\/#primaryimage\"},\"thumbnailUrl\":\"https:\/\/portaldoestado.com.br\/wp-content\/uploads\/2025\/08\/598565898-img2613.webp\",\"articleSection\":[\"Famosos\"],\"inLanguage\":\"pt-BR\"},{\"@type\":\"WebPage\",\"@id\":\"https:\/\/portaldoestado.com.br\/index.php\/2025\/08\/07\/reviraram-tudo-e-sairam-de-maos-vazias-diz-bia-miranda-apos-operacao-policial-em-sua-casa\/\",\"url\":\"https:\/\/portaldoestado.com.br\/index.php\/2025\/08\/07\/reviraram-tudo-e-sairam-de-maos-vazias-diz-bia-miranda-apos-operacao-policial-em-sua-casa\/\",\"name\":\"\u201cReviraram tudo e sa\u00edram de m\u00e3os vazias\u201d, diz Bia Miranda ap\u00f3s opera\u00e7\u00e3o policial em sua casa - Portal do Estado\",\"isPartOf\":{\"@id\":\"https:\/\/portaldoestado.com.br\/#website\"},\"primaryImageOfPage\":{\"@id\":\"https:\/\/portaldoestado.com.br\/index.php\/2025\/08\/07\/reviraram-tudo-e-sairam-de-maos-vazias-diz-bia-miranda-apos-operacao-policial-em-sua-casa\/#primaryimage\"},\"image\":{\"@id\":\"https:\/\/portaldoestado.com.br\/index.php\/2025\/08\/07\/reviraram-tudo-e-sairam-de-maos-vazias-diz-bia-miranda-apos-operacao-policial-em-sua-casa\/#primaryimage\"},\"thumbnailUrl\":\"https:\/\/portaldoestado.com.br\/wp-content\/uploads\/2025\/08\/598565898-img2613.webp\",\"datePublished\":\"2025-08-07T17:01:12+00:00\",\"breadcrumb\":{\"@id\":\"https:\/\/portaldoestado.com.br\/index.php\/2025\/08\/07\/reviraram-tudo-e-sairam-de-maos-vazias-diz-bia-miranda-apos-operacao-policial-em-sua-casa\/#breadcrumb\"},\"inLanguage\":\"pt-BR\",\"potentialAction\":[{\"@type\":\"ReadAction\",\"target\":[\"https:\/\/portaldoestado.com.br\/index.php\/2025\/08\/07\/reviraram-tudo-e-sairam-de-maos-vazias-diz-bia-miranda-apos-operacao-policial-em-sua-casa\/\"]}]},{\"@type\":\"ImageObject\",\"inLanguage\":\"pt-BR\",\"@id\":\"https:\/\/portaldoestado.com.br\/index.php\/2025\/08\/07\/reviraram-tudo-e-sairam-de-maos-vazias-diz-bia-miranda-apos-operacao-policial-em-sua-casa\/#primaryimage\",\"url\":\"https:\/\/portaldoestado.com.br\/wp-content\/uploads\/2025\/08\/598565898-img2613.webp\",\"contentUrl\":\"https:\/\/portaldoestado.com.br\/wp-content\/uploads\/2025\/08\/598565898-img2613.webp\",\"width\":500,\"height\":281},{\"@type\":\"BreadcrumbList\",\"@id\":\"https:\/\/portaldoestado.com.br\/index.php\/2025\/08\/07\/reviraram-tudo-e-sairam-de-maos-vazias-diz-bia-miranda-apos-operacao-policial-em-sua-casa\/#breadcrumb\",\"itemListElement\":[{\"@type\":\"ListItem\",\"position\":1,\"name\":\"In\u00edcio\",\"item\":\"https:\/\/portaldoestado.com.br\/\"},{\"@type\":\"ListItem\",\"position\":2,\"name\":\"\u201cReviraram tudo e sa\u00edram de m\u00e3os vazias\u201d, diz Bia Miranda ap\u00f3s opera\u00e7\u00e3o policial em sua casa\"}]},{\"@type\":\"WebSite\",\"@id\":\"https:\/\/portaldoestado.com.br\/#website\",\"url\":\"https:\/\/portaldoestado.com.br\/\",\"name\":\"Portal do Estado\",\"description\":\"\",\"publisher\":{\"@id\":\"https:\/\/portaldoestado.com.br\/#organization\"},\"potentialAction\":[{\"@type\":\"SearchAction\",\"target\":{\"@type\":\"EntryPoint\",\"urlTemplate\":\"https:\/\/portaldoestado.com.br\/?s={search_term_string}\"},\"query-input\":{\"@type\":\"PropertyValueSpecification\",\"valueRequired\":true,\"valueName\":\"search_term_string\"}}],\"inLanguage\":\"pt-BR\"},{\"@type\":\"Organization\",\"@id\":\"https:\/\/portaldoestado.com.br\/#organization\",\"name\":\"Portal do Estado\",\"url\":\"https:\/\/portaldoestado.com.br\/\",\"logo\":{\"@type\":\"ImageObject\",\"inLanguage\":\"pt-BR\",\"@id\":\"https:\/\/portaldoestado.com.br\/#\/schema\/logo\/image\/\",\"url\":\"https:\/\/portaldoestado.com.br\/wp-content\/uploads\/2025\/04\/cropped-6f69b19a-6472-43bf-b1b3-e1910bbbd4e8.png\",\"contentUrl\":\"https:\/\/portaldoestado.com.br\/wp-content\/uploads\/2025\/04\/cropped-6f69b19a-6472-43bf-b1b3-e1910bbbd4e8.png\",\"width\":1024,\"height\":350,\"caption\":\"Portal do Estado\"},\"image\":{\"@id\":\"https:\/\/portaldoestado.com.br\/#\/schema\/logo\/image\/\"}},{\"@type\":\"Person\",\"@id\":\"https:\/\/portaldoestado.com.br\/#\/schema\/person\/5ca0174f3c8c84b59da62ea14b698cb9\",\"name\":\"assessoriadefamosos\",\"image\":{\"@type\":\"ImageObject\",\"inLanguage\":\"pt-BR\",\"@id\":\"https:\/\/portaldoestado.com.br\/#\/schema\/person\/image\/\",\"url\":\"https:\/\/secure.gravatar.com\/avatar\/a7acbdffcfbbae7240e59f47fe511ec5f5d8c252c779f0b8d9ab02a9e1d8c5ed?s=96&d=mm&r=g\",\"contentUrl\":\"https:\/\/secure.gravatar.com\/avatar\/a7acbdffcfbbae7240e59f47fe511ec5f5d8c252c779f0b8d9ab02a9e1d8c5ed?s=96&d=mm&r=g\",\"caption\":\"assessoriadefamosos\"},\"url\":\"https:\/\/portaldoestado.com.br\/index.php\/author\/assessoriadefamosos\/\"}]}<\/script>\n<!-- \/ Yoast SEO plugin. -->","yoast_head_json":{"title":"\u201cReviraram tudo e sa\u00edram de m\u00e3os vazias\u201d, diz Bia Miranda ap\u00f3s opera\u00e7\u00e3o policial em sua casa - Portal do Estado","robots":{"index":"index","follow":"follow","max-snippet":"max-snippet:-1","max-image-preview":"max-image-preview:large","max-video-preview":"max-video-preview:-1"},"canonical":"https:\/\/portaldoestado.com.br\/index.php\/2025\/08\/07\/reviraram-tudo-e-sairam-de-maos-vazias-diz-bia-miranda-apos-operacao-policial-em-sua-casa\/","og_locale":"pt_BR","og_type":"article","og_title":"\u201cReviraram tudo e sa\u00edram de m\u00e3os vazias\u201d, diz Bia Miranda ap\u00f3s opera\u00e7\u00e3o policial em sua casa - Portal do Estado","og_description":"Na manh\u00e3 desta quinta-feira (07\/08), a influenciadora Bia Miranda, de 21 anos, recorreu \u00e0s redes sociais para relatar momentos de tens\u00e3o vividos durante uma opera\u00e7\u00e3o da Pol\u00edcia Civil do Rio de Janeiro, que aconteceu em sua resid\u00eancia. A a\u00e7\u00e3o integra a Opera\u00e7\u00e3o Desfortuna, que investiga poss\u00edveis crimes ligados \u00e0 promo\u00e7\u00e3o de jogos de azar online. \u2026","og_url":"https:\/\/portaldoestado.com.br\/index.php\/2025\/08\/07\/reviraram-tudo-e-sairam-de-maos-vazias-diz-bia-miranda-apos-operacao-policial-em-sua-casa\/","og_site_name":"Portal do Estado","article_published_time":"2025-08-07T17:01:12+00:00","og_image":[{"width":500,"height":281,"url":"https:\/\/portaldoestado.com.br\/wp-content\/uploads\/2025\/08\/598565898-img2613.webp","type":"image\/webp"}],"author":"assessoriadefamosos","twitter_card":"summary_large_image","twitter_misc":{"Escrito por":"assessoriadefamosos","Est. tempo de leitura":"1 minuto"},"schema":{"@context":"https:\/\/schema.org","@graph":[{"@type":"Article","@id":"https:\/\/portaldoestado.com.br\/index.php\/2025\/08\/07\/reviraram-tudo-e-sairam-de-maos-vazias-diz-bia-miranda-apos-operacao-policial-em-sua-casa\/#article","isPartOf":{"@id":"https:\/\/portaldoestado.com.br\/index.php\/2025\/08\/07\/reviraram-tudo-e-sairam-de-maos-vazias-diz-bia-miranda-apos-operacao-policial-em-sua-casa\/"},"author":{"name":"assessoriadefamosos","@id":"https:\/\/portaldoestado.com.br\/#\/schema\/person\/5ca0174f3c8c84b59da62ea14b698cb9"},"headline":"\u201cReviraram tudo e sa\u00edram de m\u00e3os vazias\u201d, diz Bia Miranda ap\u00f3s opera\u00e7\u00e3o policial em sua casa","datePublished":"2025-08-07T17:01:12+00:00","mainEntityOfPage":{"@id":"https:\/\/portaldoestado.com.br\/index.php\/2025\/08\/07\/reviraram-tudo-e-sairam-de-maos-vazias-diz-bia-miranda-apos-operacao-policial-em-sua-casa\/"},"wordCount":307,"publisher":{"@id":"https:\/\/portaldoestado.com.br\/#organization"},"image":{"@id":"https:\/\/portaldoestado.com.br\/index.php\/2025\/08\/07\/reviraram-tudo-e-sairam-de-maos-vazias-diz-bia-miranda-apos-operacao-policial-em-sua-casa\/#primaryimage"},"thumbnailUrl":"https:\/\/portaldoestado.com.br\/wp-content\/uploads\/2025\/08\/598565898-img2613.webp","articleSection":["Famosos"],"inLanguage":"pt-BR"},{"@type":"WebPage","@id":"https:\/\/portaldoestado.com.br\/index.php\/2025\/08\/07\/reviraram-tudo-e-sairam-de-maos-vazias-diz-bia-miranda-apos-operacao-policial-em-sua-casa\/","url":"https:\/\/portaldoestado.com.br\/index.php\/2025\/08\/07\/reviraram-tudo-e-sairam-de-maos-vazias-diz-bia-miranda-apos-operacao-policial-em-sua-casa\/","name":"\u201cReviraram tudo e sa\u00edram de m\u00e3os vazias\u201d, diz Bia Miranda ap\u00f3s opera\u00e7\u00e3o policial em sua casa - Portal do Estado","isPartOf":{"@id":"https:\/\/portaldoestado.com.br\/#website"},"primaryImageOfPage":{"@id":"https:\/\/portaldoestado.com.br\/index.php\/2025\/08\/07\/reviraram-tudo-e-sairam-de-maos-vazias-diz-bia-miranda-apos-operacao-policial-em-sua-casa\/#primaryimage"},"image":{"@id":"https:\/\/portaldoestado.com.br\/index.php\/2025\/08\/07\/reviraram-tudo-e-sairam-de-maos-vazias-diz-bia-miranda-apos-operacao-policial-em-sua-casa\/#primaryimage"},"thumbnailUrl":"https:\/\/portaldoestado.com.br\/wp-content\/uploads\/2025\/08\/598565898-img2613.webp","datePublished":"2025-08-07T17:01:12+00:00","breadcrumb":{"@id":"https:\/\/portaldoestado.com.br\/index.php\/2025\/08\/07\/reviraram-tudo-e-sairam-de-maos-vazias-diz-bia-miranda-apos-operacao-policial-em-sua-casa\/#breadcrumb"},"inLanguage":"pt-BR","potentialAction":[{"@type":"ReadAction","target":["https:\/\/portaldoestado.com.br\/index.php\/2025\/08\/07\/reviraram-tudo-e-sairam-de-maos-vazias-diz-bia-miranda-apos-operacao-policial-em-sua-casa\/"]}]},{"@type":"ImageObject","inLanguage":"pt-BR","@id":"https:\/\/portaldoestado.com.br\/index.php\/2025\/08\/07\/reviraram-tudo-e-sairam-de-maos-vazias-diz-bia-miranda-apos-operacao-policial-em-sua-casa\/#primaryimage","url":"https:\/\/portaldoestado.com.br\/wp-content\/uploads\/2025\/08\/598565898-img2613.webp","contentUrl":"https:\/\/portaldoestado.com.br\/wp-content\/uploads\/2025\/08\/598565898-img2613.webp","width":500,"height":281},{"@type":"BreadcrumbList","@id":"https:\/\/portaldoestado.com.br\/index.php\/2025\/08\/07\/reviraram-tudo-e-sairam-de-maos-vazias-diz-bia-miranda-apos-operacao-policial-em-sua-casa\/#breadcrumb","itemListElement":[{"@type":"ListItem","position":1,"name":"In\u00edcio","item":"https:\/\/portaldoestado.com.br\/"},{"@type":"ListItem","position":2,"name":"\u201cReviraram tudo e sa\u00edram de m\u00e3os vazias\u201d, diz Bia Miranda ap\u00f3s opera\u00e7\u00e3o policial em sua casa"}]},{"@type":"WebSite","@id":"https:\/\/portaldoestado.com.br\/#website","url":"https:\/\/portaldoestado.com.br\/","name":"Portal do Estado","description":"","publisher":{"@id":"https:\/\/portaldoestado.com.br\/#organization"},"potentialAction":[{"@type":"SearchAction","target":{"@type":"EntryPoint","urlTemplate":"https:\/\/portaldoestado.com.br\/?s={search_term_string}"},"query-input":{"@type":"PropertyValueSpecification","valueRequired":true,"valueName":"search_term_string"}}],"inLanguage":"pt-BR"},{"@type":"Organization","@id":"https:\/\/portaldoestado.com.br\/#organization","name":"Portal do Estado","url":"https:\/\/portaldoestado.com.br\/","logo":{"@type":"ImageObject","inLanguage":"pt-BR","@id":"https:\/\/portaldoestado.com.br\/#\/schema\/logo\/image\/","url":"https:\/\/portaldoestado.com.br\/wp-content\/uploads\/2025\/04\/cropped-6f69b19a-6472-43bf-b1b3-e1910bbbd4e8.png","contentUrl":"https:\/\/portaldoestado.com.br\/wp-content\/uploads\/2025\/04\/cropped-6f69b19a-6472-43bf-b1b3-e1910bbbd4e8.png","width":1024,"height":350,"caption":"Portal do Estado"},"image":{"@id":"https:\/\/portaldoestado.com.br\/#\/schema\/logo\/image\/"}},{"@type":"Person","@id":"https:\/\/portaldoestado.com.br\/#\/schema\/person\/5ca0174f3c8c84b59da62ea14b698cb9","name":"assessoriadefamosos","image":{"@type":"ImageObject","inLanguage":"pt-BR","@id":"https:\/\/portaldoestado.com.br\/#\/schema\/person\/image\/","url":"https:\/\/secure.gravatar.com\/avatar\/a7acbdffcfbbae7240e59f47fe511ec5f5d8c252c779f0b8d9ab02a9e1d8c5ed?s=96&d=mm&r=g","contentUrl":"https:\/\/secure.gravatar.com\/avatar\/a7acbdffcfbbae7240e59f47fe511ec5f5d8c252c779f0b8d9ab02a9e1d8c5ed?s=96&d=mm&r=g","caption":"assessoriadefamosos"},"url":"https:\/\/portaldoestado.com.br\/index.php\/author\/assessoriadefamosos\/"}]}},"jetpack_featured_media_url":"https:\/\/portaldoestado.com.br\/wp-content\/uploads\/2025\/08\/598565898-img2613.webp","_links":{"self":[{"href":"https:\/\/portaldoestado.com.br\/index.php\/wp-json\/wp\/v2\/posts\/1584","targetHints":{"allow":["GET"]}}],"collection":[{"href":"https:\/\/portaldoestado.com.br\/index.php\/wp-json\/wp\/v2\/posts"}],"about":[{"href":"https:\/\/portaldoestado.com.br\/index.php\/wp-json\/wp\/v2\/types\/post"}],"author":[{"embeddable":true,"href":"https:\/\/portaldoestado.com.br\/index.php\/wp-json\/wp\/v2\/users\/2"}],"replies":[{"embeddable":true,"href":"https:\/\/portaldoestado.com.br\/index.php\/wp-json\/wp\/v2\/comments?post=1584"}],"version-history":[{"count":1,"href":"https:\/\/portaldoestado.com.br\/index.php\/wp-json\/wp\/v2\/posts\/1584\/revisions"}],"predecessor-version":[{"id":1585,"href":"https:\/\/portaldoestado.com.br\/index.php\/wp-json\/wp\/v2\/posts\/1584\/revisions\/1585"}],"wp:featuredmedia":[{"embeddable":true,"href":"https:\/\/portaldoestado.com.br\/index.php\/wp-json\/wp\/v2\/media\/1583"}],"wp:attachment":[{"href":"https:\/\/portaldoestado.com.br\/index.php\/wp-json\/wp\/v2\/media?parent=1584"}],"wp:term":[{"taxonomy":"category","embeddable":true,"href":"https:\/\/portaldoestado.com.br\/index.php\/wp-json\/wp\/v2\/categories?post=1584"},{"taxonomy":"post_tag","embeddable":true,"href":"https:\/\/portaldoestado.com.br\/index.php\/wp-json\/wp\/v2\/tags?post=1584"}],"curies":[{"name":"wp","href":"https:\/\/api.w.org\/{rel}","templated":true}]}}