{"id":1578,"date":"2025-08-07T16:17:34","date_gmt":"2025-08-07T16:17:34","guid":{"rendered":"https:\/\/portaldoestado.com.br\/?p=1578"},"modified":"2025-08-07T16:17:34","modified_gmt":"2025-08-07T16:17:34","slug":"fortaleza-recebe-pela-primeira-vez-o-festival-internacional-de-arte-naif","status":"publish","type":"post","link":"https:\/\/portaldoestado.com.br\/index.php\/2025\/08\/07\/fortaleza-recebe-pela-primeira-vez-o-festival-internacional-de-arte-naif\/","title":{"rendered":"Fortaleza recebe pela primeira vez o Festival Internacional de Arte Naif"},"content":{"rendered":"\n<p>Fortaleza receber\u00e1 pela primeira vez uma a\u00e7\u00e3o do Festival Internacional de Arte Naif &#8211;\u00a0 FIAN, evento que est\u00e1 em sua sexta edi\u00e7\u00e3o e oferece a oportunidade de acesso ao trabalho de artistas de 20 estados brasileiros e de 15 pa\u00edses. Na CAIXA Cultural Fortaleza, a exposi\u00e7\u00e3o ser\u00e1 inaugurada na quarta-feira, dia 13\/8, \u00e0s 19h, com a presen\u00e7a de diversos artistas, e permanecer\u00e1 aberta ao p\u00fablico at\u00e9 14\/9, com entrada gratuita, reunindo 96 obras, uma de cada artista selecionado, em celebra\u00e7\u00e3o \u00e0 arte popular.\u00a0<\/p>\n\n\n\n<p>Na v\u00e9spera da abertura, ter\u00e7a-feira, 12\/8, \u00e0s 18h30, ser\u00e1 realizada uma Roda de Conversa, com o tema \u201cEntre Cores e Sonhos: a Jornada da Arte Naif rumo aos Espa\u00e7os de Reconhecimento\u201d. Aberta ao p\u00fablico, com inscri\u00e7\u00f5es gratuitas no site da CAIXA Cultural Fortaleza, a atividade reunir\u00e1 Adriano Dias (artista visual, da cidade de Guarabira-PB, idealizador e diretor do FIAN), Andr\u00e9 Cunha (recifense radicado em Paraty-RJ, artista visual, criador do MIMAN &#8211; Mini Museu de Arte Naif, trabalha com a t\u00e9cnica do diorama), Con Silva (de Batatais-SP, artista visual com participa\u00e7\u00e3o em diversas exposi\u00e7\u00f5es de arte naif) e Valeria Grille (do Rio de Janeiro-RJ, trabalha com bordado, uma das artistas contempladas com pr\u00eamio de aquisi\u00e7\u00e3o no FIAN 2025). A conversa prop\u00f5e uma reflex\u00e3o sobre os caminhos da Arte Naif na constru\u00e7\u00e3o de espa\u00e7os de visibilidade e reconhecimento.<\/p>\n\n\n\n<p>O festival, idealizado e coordenado pelo artista visual Adriano Dias, de Guarabira, Para\u00edba, conta com patroc\u00ednio do Minist\u00e9rio da Cultura e da CAIXA Residencial, e apoio da CAIXA e do Governo Federal, celebrando a riqueza e a for\u00e7a da arte Naif. Durante a exposi\u00e7\u00e3o das obras em Fortaleza, no foyer superior da CAIXA Cultural, o p\u00fablico tamb\u00e9m poder\u00e1 apreciar uma instala\u00e7\u00e3o sobre a cidade de Guarabira.\u00a0<\/p>\n\n\n\n<p>\u201cDiante de tantas hist\u00f3rias retratadas pela arte Naif, que tamb\u00e9m abordam e enfatizam o cuidado com as fam\u00edlias em diferentes lares, poder contribuir com a conex\u00e3o, acesso e valoriza\u00e7\u00e3o das express\u00f5es culturais \u00e9 motivo de muito orgulho para a CAIXA Residencial. Ao narrar a nossa cultura de forma detalhista e vibrante, a arte Naif inclui em sua ess\u00eancia a riqueza da brasilidade, identificada a cada tra\u00e7o e cria\u00e7\u00e3o dos artistas. Que, juntos, possamos incentivar o reconhecimento deste movimento art\u00edstico em diferentes espa\u00e7os pelo Brasil\u201d, detalha o CEO da CAIXA Residencial, Rodrigo Valen\u00e7a.<\/p>\n\n\n\n<p>A curadoria desta edi\u00e7\u00e3o ficou a cargo da muse\u00f3loga e ex-diretora do Museu Internacional de Arte Naif (MIMAN-RJ) Jaqueline Finkelstein, do colaborador do Museu Internacional de Arte Naif de Magog, no Canad\u00e1, Jacques Dupont, e de Pedro Cruz, s\u00f3cio fundador da Galeria Andr\u00e9 Cunha de Arte Naif, em Paraty. Juntos, foram respons\u00e1veis por selecionar os trabalhos com base em crit\u00e9rios como originalidade, qualidade pl\u00e1stica, car\u00e1ter autoexplicativo e fiel representa\u00e7\u00e3o da est\u00e9tica Naif.\nO festival tamb\u00e9m prestar\u00e1 homenagem aos artistas Geo, de Jo\u00e3o Pessoa (PB), e Ivone Mendes, de Olinda (PE), ambos com trajet\u00f3rias significativas no cen\u00e1rio da Arte Naif.<\/p>\n\n\n\n<p>Coordenador do Festival Internacional de Arte Naif e da exposi\u00e7\u00e3o em Fortaleza, Adriano Dias \u00e9 um nome de refer\u00eancia no estilo Naif, um artista visual autodidata. Seu trabalho aborda cenas do cotidiano nordestino, mesclando elementos da religiosidade, imagin\u00e1rio infantil e festejos populares, num profundo resgate de suas reminisc\u00eancias no interior.\u00a0<\/p>\n\n\n\n<p>\u201cEstamos muito felizes em poder realizar pela primeira vez em Fortaleza o Festival Internacional de Arte Naif, tendo o privil\u00e9gio de ter como espa\u00e7o expositivo a CAIXA Cultural Fortaleza, que realiza um trabalho t\u00e3o importante, em v\u00e1rias linguagens. A miss\u00e3o do festival \u00e9 destacar a Arte Naif, a arte popular, em suas variadas express\u00f5es, que se refletem, nesta edi\u00e7\u00e3o, nos trabalhos que o p\u00fablico do Cear\u00e1 vai poder apreciar\u201d, ressalta Adriano Dias.\u00a0<\/p>\n\n\n\n<p>Cat\u00e1logo online e responsabilidade ambiental\u00a0<\/p>\n\n\n\n<p>O cat\u00e1logo da exposi\u00e7\u00e3o estar\u00e1 dispon\u00edvel online, no site do festival e no da CAIXA Cultural Fortaleza, como forma de democratiza\u00e7\u00e3o do acesso a informa\u00e7\u00f5es sobre a exposi\u00e7\u00e3o, os artistas participantes e as obras selecionadas. Como a\u00e7\u00e3o de responsabilidade ambiental, a exposi\u00e7\u00e3o contar\u00e1, na abertura, quarta-feira, 13\/8, \u00e0s 19h, com a distribui\u00e7\u00e3o de sach\u00eas de sementes de \u00e1rvores.\u00a0<\/p>\n\n\n\n<p>Servi\u00e7o:\u00a0Evento: Festival Internacional de Arte Naif \u2013 FIAN 2025Na CAIXA Cultural Fortaleza (Av Pessoa Anta, 287, Praia de Iracema).\u00a0Per\u00edodo: de 13\/8 a 14\/9, com a exposi\u00e7\u00e3o de obras de autores de 20 estados brasileiros e de 15 pa\u00edses.\u00a012\/8, \u00e0s 18h30, Roda de Conversa, com inscri\u00e7\u00f5es gratuitas no site da CAIXA Cultural Fortaleza.\u00a0Abertura da exposi\u00e7\u00e3o com solenidade e presen\u00e7a de artistas de outros estados: quarta-feira, 13\/8, \u00e0s 19h.Entrada gratuita.<\/p>\n\n\n\n<p>Sobre a CAIXA Residencial: a companhia que apresenta e patrocina o Festival Internacional de Arte Naif consiste em uma joint venture da CAIXA Seguridade com a Tokio Marine Seguradora, tendo as opera\u00e7\u00f5es de oferta, venda e p\u00f3s-venda de seguros habitacionais e residenciais desde janeiro de 2021, com a comercializa\u00e7\u00e3o realizada nas unidades CAIXA. Acreditamos que lar \u00e9 seguran\u00e7a, dignidade e bem-estar, sendo que lares protegidos promovem desenvolvimento social e cidadania. Entre as l\u00edderes do mercado de seu segmento, a empresa oferece diversos produtos com assist\u00eancias e coberturas para o im\u00f3vel, incluindo prote\u00e7\u00e3o para o lar junto ao financiamento imobili\u00e1rio, com benef\u00edcios exclusivos para as linhas de cr\u00e9ditos Minha Casa, Minha Vida, SBPE, FGTS e Cr\u00e9dito Real F\u00e1cil.<\/p>\n","protected":false},"excerpt":{"rendered":"<p>Fortaleza receber\u00e1 pela primeira vez uma a\u00e7\u00e3o do Festival Internacional de Arte Naif \u2013\u00a0 FIAN, evento que est\u00e1 em sua sexta edi\u00e7\u00e3o e oferece a oportunidade de acesso ao trabalho de artistas de 20 estados brasileiros e de 15 pa\u00edses. Na CAIXA Cultural Fortaleza, a exposi\u00e7\u00e3o ser\u00e1 inaugurada na quarta-feira, dia 13\/8, \u00e0s 19h, com \u2026<\/p>\n","protected":false},"author":2,"featured_media":1577,"comment_status":"closed","ping_status":"open","sticky":false,"template":"","format":"standard","meta":{"footnotes":""},"categories":[48],"tags":[],"class_list":["post-1578","post","type-post","status-publish","format-standard","has-post-thumbnail","hentry","category-agenda"],"yoast_head":"<!-- This site is optimized with the Yoast SEO plugin v25.5 - https:\/\/yoast.com\/wordpress\/plugins\/seo\/ -->\n<title>Fortaleza recebe pela primeira vez o Festival Internacional de Arte Naif - Portal do Estado<\/title>\n<meta name=\"robots\" content=\"index, follow, max-snippet:-1, max-image-preview:large, max-video-preview:-1\" \/>\n<link rel=\"canonical\" href=\"https:\/\/portaldoestado.com.br\/index.php\/2025\/08\/07\/fortaleza-recebe-pela-primeira-vez-o-festival-internacional-de-arte-naif\/\" \/>\n<meta property=\"og:locale\" content=\"pt_BR\" \/>\n<meta property=\"og:type\" content=\"article\" \/>\n<meta property=\"og:title\" content=\"Fortaleza recebe pela primeira vez o Festival Internacional de Arte Naif - Portal do Estado\" \/>\n<meta property=\"og:description\" content=\"Fortaleza receber\u00e1 pela primeira vez uma a\u00e7\u00e3o do Festival Internacional de Arte Naif \u2013\u00a0 FIAN, evento que est\u00e1 em sua sexta edi\u00e7\u00e3o e oferece a oportunidade de acesso ao trabalho de artistas de 20 estados brasileiros e de 15 pa\u00edses. Na CAIXA Cultural Fortaleza, a exposi\u00e7\u00e3o ser\u00e1 inaugurada na quarta-feira, dia 13\/8, \u00e0s 19h, com \u2026\" \/>\n<meta property=\"og:url\" content=\"https:\/\/portaldoestado.com.br\/index.php\/2025\/08\/07\/fortaleza-recebe-pela-primeira-vez-o-festival-internacional-de-arte-naif\/\" \/>\n<meta property=\"og:site_name\" content=\"Portal do Estado\" \/>\n<meta property=\"article:published_time\" content=\"2025-08-07T16:17:34+00:00\" \/>\n<meta property=\"og:image\" content=\"https:\/\/portaldoestado.com.br\/wp-content\/uploads\/2025\/08\/WhatsApp-Image-2025-08-07-at-11.44.28-e1754583246973.jpeg\" \/>\n\t<meta property=\"og:image:width\" content=\"640\" \/>\n\t<meta property=\"og:image:height\" content=\"395\" \/>\n\t<meta property=\"og:image:type\" content=\"image\/jpeg\" \/>\n<meta name=\"author\" content=\"assessoriadefamosos\" \/>\n<meta name=\"twitter:card\" content=\"summary_large_image\" \/>\n<meta name=\"twitter:label1\" content=\"Escrito por\" \/>\n\t<meta name=\"twitter:data1\" content=\"assessoriadefamosos\" \/>\n\t<meta name=\"twitter:label2\" content=\"Est. tempo de leitura\" \/>\n\t<meta name=\"twitter:data2\" content=\"5 minutos\" \/>\n<script type=\"application\/ld+json\" class=\"yoast-schema-graph\">{\"@context\":\"https:\/\/schema.org\",\"@graph\":[{\"@type\":\"Article\",\"@id\":\"https:\/\/portaldoestado.com.br\/index.php\/2025\/08\/07\/fortaleza-recebe-pela-primeira-vez-o-festival-internacional-de-arte-naif\/#article\",\"isPartOf\":{\"@id\":\"https:\/\/portaldoestado.com.br\/index.php\/2025\/08\/07\/fortaleza-recebe-pela-primeira-vez-o-festival-internacional-de-arte-naif\/\"},\"author\":{\"name\":\"assessoriadefamosos\",\"@id\":\"https:\/\/portaldoestado.com.br\/#\/schema\/person\/5ca0174f3c8c84b59da62ea14b698cb9\"},\"headline\":\"Fortaleza recebe pela primeira vez o Festival Internacional de Arte Naif\",\"datePublished\":\"2025-08-07T16:17:34+00:00\",\"mainEntityOfPage\":{\"@id\":\"https:\/\/portaldoestado.com.br\/index.php\/2025\/08\/07\/fortaleza-recebe-pela-primeira-vez-o-festival-internacional-de-arte-naif\/\"},\"wordCount\":937,\"publisher\":{\"@id\":\"https:\/\/portaldoestado.com.br\/#organization\"},\"image\":{\"@id\":\"https:\/\/portaldoestado.com.br\/index.php\/2025\/08\/07\/fortaleza-recebe-pela-primeira-vez-o-festival-internacional-de-arte-naif\/#primaryimage\"},\"thumbnailUrl\":\"https:\/\/portaldoestado.com.br\/wp-content\/uploads\/2025\/08\/WhatsApp-Image-2025-08-07-at-11.44.28-e1754583246973.jpeg\",\"articleSection\":[\"Agenda\"],\"inLanguage\":\"pt-BR\"},{\"@type\":\"WebPage\",\"@id\":\"https:\/\/portaldoestado.com.br\/index.php\/2025\/08\/07\/fortaleza-recebe-pela-primeira-vez-o-festival-internacional-de-arte-naif\/\",\"url\":\"https:\/\/portaldoestado.com.br\/index.php\/2025\/08\/07\/fortaleza-recebe-pela-primeira-vez-o-festival-internacional-de-arte-naif\/\",\"name\":\"Fortaleza recebe pela primeira vez o Festival Internacional de Arte Naif - Portal do Estado\",\"isPartOf\":{\"@id\":\"https:\/\/portaldoestado.com.br\/#website\"},\"primaryImageOfPage\":{\"@id\":\"https:\/\/portaldoestado.com.br\/index.php\/2025\/08\/07\/fortaleza-recebe-pela-primeira-vez-o-festival-internacional-de-arte-naif\/#primaryimage\"},\"image\":{\"@id\":\"https:\/\/portaldoestado.com.br\/index.php\/2025\/08\/07\/fortaleza-recebe-pela-primeira-vez-o-festival-internacional-de-arte-naif\/#primaryimage\"},\"thumbnailUrl\":\"https:\/\/portaldoestado.com.br\/wp-content\/uploads\/2025\/08\/WhatsApp-Image-2025-08-07-at-11.44.28-e1754583246973.jpeg\",\"datePublished\":\"2025-08-07T16:17:34+00:00\",\"breadcrumb\":{\"@id\":\"https:\/\/portaldoestado.com.br\/index.php\/2025\/08\/07\/fortaleza-recebe-pela-primeira-vez-o-festival-internacional-de-arte-naif\/#breadcrumb\"},\"inLanguage\":\"pt-BR\",\"potentialAction\":[{\"@type\":\"ReadAction\",\"target\":[\"https:\/\/portaldoestado.com.br\/index.php\/2025\/08\/07\/fortaleza-recebe-pela-primeira-vez-o-festival-internacional-de-arte-naif\/\"]}]},{\"@type\":\"ImageObject\",\"inLanguage\":\"pt-BR\",\"@id\":\"https:\/\/portaldoestado.com.br\/index.php\/2025\/08\/07\/fortaleza-recebe-pela-primeira-vez-o-festival-internacional-de-arte-naif\/#primaryimage\",\"url\":\"https:\/\/portaldoestado.com.br\/wp-content\/uploads\/2025\/08\/WhatsApp-Image-2025-08-07-at-11.44.28-e1754583246973.jpeg\",\"contentUrl\":\"https:\/\/portaldoestado.com.br\/wp-content\/uploads\/2025\/08\/WhatsApp-Image-2025-08-07-at-11.44.28-e1754583246973.jpeg\",\"width\":640,\"height\":395},{\"@type\":\"BreadcrumbList\",\"@id\":\"https:\/\/portaldoestado.com.br\/index.php\/2025\/08\/07\/fortaleza-recebe-pela-primeira-vez-o-festival-internacional-de-arte-naif\/#breadcrumb\",\"itemListElement\":[{\"@type\":\"ListItem\",\"position\":1,\"name\":\"In\u00edcio\",\"item\":\"https:\/\/portaldoestado.com.br\/\"},{\"@type\":\"ListItem\",\"position\":2,\"name\":\"Fortaleza recebe pela primeira vez o Festival Internacional de Arte Naif\"}]},{\"@type\":\"WebSite\",\"@id\":\"https:\/\/portaldoestado.com.br\/#website\",\"url\":\"https:\/\/portaldoestado.com.br\/\",\"name\":\"Portal do Estado\",\"description\":\"\",\"publisher\":{\"@id\":\"https:\/\/portaldoestado.com.br\/#organization\"},\"potentialAction\":[{\"@type\":\"SearchAction\",\"target\":{\"@type\":\"EntryPoint\",\"urlTemplate\":\"https:\/\/portaldoestado.com.br\/?s={search_term_string}\"},\"query-input\":{\"@type\":\"PropertyValueSpecification\",\"valueRequired\":true,\"valueName\":\"search_term_string\"}}],\"inLanguage\":\"pt-BR\"},{\"@type\":\"Organization\",\"@id\":\"https:\/\/portaldoestado.com.br\/#organization\",\"name\":\"Portal do Estado\",\"url\":\"https:\/\/portaldoestado.com.br\/\",\"logo\":{\"@type\":\"ImageObject\",\"inLanguage\":\"pt-BR\",\"@id\":\"https:\/\/portaldoestado.com.br\/#\/schema\/logo\/image\/\",\"url\":\"https:\/\/portaldoestado.com.br\/wp-content\/uploads\/2025\/04\/cropped-6f69b19a-6472-43bf-b1b3-e1910bbbd4e8.png\",\"contentUrl\":\"https:\/\/portaldoestado.com.br\/wp-content\/uploads\/2025\/04\/cropped-6f69b19a-6472-43bf-b1b3-e1910bbbd4e8.png\",\"width\":1024,\"height\":350,\"caption\":\"Portal do Estado\"},\"image\":{\"@id\":\"https:\/\/portaldoestado.com.br\/#\/schema\/logo\/image\/\"}},{\"@type\":\"Person\",\"@id\":\"https:\/\/portaldoestado.com.br\/#\/schema\/person\/5ca0174f3c8c84b59da62ea14b698cb9\",\"name\":\"assessoriadefamosos\",\"image\":{\"@type\":\"ImageObject\",\"inLanguage\":\"pt-BR\",\"@id\":\"https:\/\/portaldoestado.com.br\/#\/schema\/person\/image\/\",\"url\":\"https:\/\/secure.gravatar.com\/avatar\/a7acbdffcfbbae7240e59f47fe511ec5f5d8c252c779f0b8d9ab02a9e1d8c5ed?s=96&d=mm&r=g\",\"contentUrl\":\"https:\/\/secure.gravatar.com\/avatar\/a7acbdffcfbbae7240e59f47fe511ec5f5d8c252c779f0b8d9ab02a9e1d8c5ed?s=96&d=mm&r=g\",\"caption\":\"assessoriadefamosos\"},\"url\":\"https:\/\/portaldoestado.com.br\/index.php\/author\/assessoriadefamosos\/\"}]}<\/script>\n<!-- \/ Yoast SEO plugin. -->","yoast_head_json":{"title":"Fortaleza recebe pela primeira vez o Festival Internacional de Arte Naif - Portal do Estado","robots":{"index":"index","follow":"follow","max-snippet":"max-snippet:-1","max-image-preview":"max-image-preview:large","max-video-preview":"max-video-preview:-1"},"canonical":"https:\/\/portaldoestado.com.br\/index.php\/2025\/08\/07\/fortaleza-recebe-pela-primeira-vez-o-festival-internacional-de-arte-naif\/","og_locale":"pt_BR","og_type":"article","og_title":"Fortaleza recebe pela primeira vez o Festival Internacional de Arte Naif - Portal do Estado","og_description":"Fortaleza receber\u00e1 pela primeira vez uma a\u00e7\u00e3o do Festival Internacional de Arte Naif \u2013\u00a0 FIAN, evento que est\u00e1 em sua sexta edi\u00e7\u00e3o e oferece a oportunidade de acesso ao trabalho de artistas de 20 estados brasileiros e de 15 pa\u00edses. Na CAIXA Cultural Fortaleza, a exposi\u00e7\u00e3o ser\u00e1 inaugurada na quarta-feira, dia 13\/8, \u00e0s 19h, com \u2026","og_url":"https:\/\/portaldoestado.com.br\/index.php\/2025\/08\/07\/fortaleza-recebe-pela-primeira-vez-o-festival-internacional-de-arte-naif\/","og_site_name":"Portal do Estado","article_published_time":"2025-08-07T16:17:34+00:00","og_image":[{"width":640,"height":395,"url":"https:\/\/portaldoestado.com.br\/wp-content\/uploads\/2025\/08\/WhatsApp-Image-2025-08-07-at-11.44.28-e1754583246973.jpeg","type":"image\/jpeg"}],"author":"assessoriadefamosos","twitter_card":"summary_large_image","twitter_misc":{"Escrito por":"assessoriadefamosos","Est. tempo de leitura":"5 minutos"},"schema":{"@context":"https:\/\/schema.org","@graph":[{"@type":"Article","@id":"https:\/\/portaldoestado.com.br\/index.php\/2025\/08\/07\/fortaleza-recebe-pela-primeira-vez-o-festival-internacional-de-arte-naif\/#article","isPartOf":{"@id":"https:\/\/portaldoestado.com.br\/index.php\/2025\/08\/07\/fortaleza-recebe-pela-primeira-vez-o-festival-internacional-de-arte-naif\/"},"author":{"name":"assessoriadefamosos","@id":"https:\/\/portaldoestado.com.br\/#\/schema\/person\/5ca0174f3c8c84b59da62ea14b698cb9"},"headline":"Fortaleza recebe pela primeira vez o Festival Internacional de Arte Naif","datePublished":"2025-08-07T16:17:34+00:00","mainEntityOfPage":{"@id":"https:\/\/portaldoestado.com.br\/index.php\/2025\/08\/07\/fortaleza-recebe-pela-primeira-vez-o-festival-internacional-de-arte-naif\/"},"wordCount":937,"publisher":{"@id":"https:\/\/portaldoestado.com.br\/#organization"},"image":{"@id":"https:\/\/portaldoestado.com.br\/index.php\/2025\/08\/07\/fortaleza-recebe-pela-primeira-vez-o-festival-internacional-de-arte-naif\/#primaryimage"},"thumbnailUrl":"https:\/\/portaldoestado.com.br\/wp-content\/uploads\/2025\/08\/WhatsApp-Image-2025-08-07-at-11.44.28-e1754583246973.jpeg","articleSection":["Agenda"],"inLanguage":"pt-BR"},{"@type":"WebPage","@id":"https:\/\/portaldoestado.com.br\/index.php\/2025\/08\/07\/fortaleza-recebe-pela-primeira-vez-o-festival-internacional-de-arte-naif\/","url":"https:\/\/portaldoestado.com.br\/index.php\/2025\/08\/07\/fortaleza-recebe-pela-primeira-vez-o-festival-internacional-de-arte-naif\/","name":"Fortaleza recebe pela primeira vez o Festival Internacional de Arte Naif - Portal do Estado","isPartOf":{"@id":"https:\/\/portaldoestado.com.br\/#website"},"primaryImageOfPage":{"@id":"https:\/\/portaldoestado.com.br\/index.php\/2025\/08\/07\/fortaleza-recebe-pela-primeira-vez-o-festival-internacional-de-arte-naif\/#primaryimage"},"image":{"@id":"https:\/\/portaldoestado.com.br\/index.php\/2025\/08\/07\/fortaleza-recebe-pela-primeira-vez-o-festival-internacional-de-arte-naif\/#primaryimage"},"thumbnailUrl":"https:\/\/portaldoestado.com.br\/wp-content\/uploads\/2025\/08\/WhatsApp-Image-2025-08-07-at-11.44.28-e1754583246973.jpeg","datePublished":"2025-08-07T16:17:34+00:00","breadcrumb":{"@id":"https:\/\/portaldoestado.com.br\/index.php\/2025\/08\/07\/fortaleza-recebe-pela-primeira-vez-o-festival-internacional-de-arte-naif\/#breadcrumb"},"inLanguage":"pt-BR","potentialAction":[{"@type":"ReadAction","target":["https:\/\/portaldoestado.com.br\/index.php\/2025\/08\/07\/fortaleza-recebe-pela-primeira-vez-o-festival-internacional-de-arte-naif\/"]}]},{"@type":"ImageObject","inLanguage":"pt-BR","@id":"https:\/\/portaldoestado.com.br\/index.php\/2025\/08\/07\/fortaleza-recebe-pela-primeira-vez-o-festival-internacional-de-arte-naif\/#primaryimage","url":"https:\/\/portaldoestado.com.br\/wp-content\/uploads\/2025\/08\/WhatsApp-Image-2025-08-07-at-11.44.28-e1754583246973.jpeg","contentUrl":"https:\/\/portaldoestado.com.br\/wp-content\/uploads\/2025\/08\/WhatsApp-Image-2025-08-07-at-11.44.28-e1754583246973.jpeg","width":640,"height":395},{"@type":"BreadcrumbList","@id":"https:\/\/portaldoestado.com.br\/index.php\/2025\/08\/07\/fortaleza-recebe-pela-primeira-vez-o-festival-internacional-de-arte-naif\/#breadcrumb","itemListElement":[{"@type":"ListItem","position":1,"name":"In\u00edcio","item":"https:\/\/portaldoestado.com.br\/"},{"@type":"ListItem","position":2,"name":"Fortaleza recebe pela primeira vez o Festival Internacional de Arte Naif"}]},{"@type":"WebSite","@id":"https:\/\/portaldoestado.com.br\/#website","url":"https:\/\/portaldoestado.com.br\/","name":"Portal do Estado","description":"","publisher":{"@id":"https:\/\/portaldoestado.com.br\/#organization"},"potentialAction":[{"@type":"SearchAction","target":{"@type":"EntryPoint","urlTemplate":"https:\/\/portaldoestado.com.br\/?s={search_term_string}"},"query-input":{"@type":"PropertyValueSpecification","valueRequired":true,"valueName":"search_term_string"}}],"inLanguage":"pt-BR"},{"@type":"Organization","@id":"https:\/\/portaldoestado.com.br\/#organization","name":"Portal do Estado","url":"https:\/\/portaldoestado.com.br\/","logo":{"@type":"ImageObject","inLanguage":"pt-BR","@id":"https:\/\/portaldoestado.com.br\/#\/schema\/logo\/image\/","url":"https:\/\/portaldoestado.com.br\/wp-content\/uploads\/2025\/04\/cropped-6f69b19a-6472-43bf-b1b3-e1910bbbd4e8.png","contentUrl":"https:\/\/portaldoestado.com.br\/wp-content\/uploads\/2025\/04\/cropped-6f69b19a-6472-43bf-b1b3-e1910bbbd4e8.png","width":1024,"height":350,"caption":"Portal do Estado"},"image":{"@id":"https:\/\/portaldoestado.com.br\/#\/schema\/logo\/image\/"}},{"@type":"Person","@id":"https:\/\/portaldoestado.com.br\/#\/schema\/person\/5ca0174f3c8c84b59da62ea14b698cb9","name":"assessoriadefamosos","image":{"@type":"ImageObject","inLanguage":"pt-BR","@id":"https:\/\/portaldoestado.com.br\/#\/schema\/person\/image\/","url":"https:\/\/secure.gravatar.com\/avatar\/a7acbdffcfbbae7240e59f47fe511ec5f5d8c252c779f0b8d9ab02a9e1d8c5ed?s=96&d=mm&r=g","contentUrl":"https:\/\/secure.gravatar.com\/avatar\/a7acbdffcfbbae7240e59f47fe511ec5f5d8c252c779f0b8d9ab02a9e1d8c5ed?s=96&d=mm&r=g","caption":"assessoriadefamosos"},"url":"https:\/\/portaldoestado.com.br\/index.php\/author\/assessoriadefamosos\/"}]}},"jetpack_featured_media_url":"https:\/\/portaldoestado.com.br\/wp-content\/uploads\/2025\/08\/WhatsApp-Image-2025-08-07-at-11.44.28-e1754583246973.jpeg","_links":{"self":[{"href":"https:\/\/portaldoestado.com.br\/index.php\/wp-json\/wp\/v2\/posts\/1578","targetHints":{"allow":["GET"]}}],"collection":[{"href":"https:\/\/portaldoestado.com.br\/index.php\/wp-json\/wp\/v2\/posts"}],"about":[{"href":"https:\/\/portaldoestado.com.br\/index.php\/wp-json\/wp\/v2\/types\/post"}],"author":[{"embeddable":true,"href":"https:\/\/portaldoestado.com.br\/index.php\/wp-json\/wp\/v2\/users\/2"}],"replies":[{"embeddable":true,"href":"https:\/\/portaldoestado.com.br\/index.php\/wp-json\/wp\/v2\/comments?post=1578"}],"version-history":[{"count":1,"href":"https:\/\/portaldoestado.com.br\/index.php\/wp-json\/wp\/v2\/posts\/1578\/revisions"}],"predecessor-version":[{"id":1579,"href":"https:\/\/portaldoestado.com.br\/index.php\/wp-json\/wp\/v2\/posts\/1578\/revisions\/1579"}],"wp:featuredmedia":[{"embeddable":true,"href":"https:\/\/portaldoestado.com.br\/index.php\/wp-json\/wp\/v2\/media\/1577"}],"wp:attachment":[{"href":"https:\/\/portaldoestado.com.br\/index.php\/wp-json\/wp\/v2\/media?parent=1578"}],"wp:term":[{"taxonomy":"category","embeddable":true,"href":"https:\/\/portaldoestado.com.br\/index.php\/wp-json\/wp\/v2\/categories?post=1578"},{"taxonomy":"post_tag","embeddable":true,"href":"https:\/\/portaldoestado.com.br\/index.php\/wp-json\/wp\/v2\/tags?post=1578"}],"curies":[{"name":"wp","href":"https:\/\/api.w.org\/{rel}","templated":true}]}}