{"id":1504,"date":"2025-08-06T17:19:39","date_gmt":"2025-08-06T17:19:39","guid":{"rendered":"https:\/\/portaldoestado.com.br\/?p=1504"},"modified":"2025-08-06T17:19:39","modified_gmt":"2025-08-06T17:19:39","slug":"vendas-da-havan-crescem-50-no-setor-de-ferramentas-para-o-dia-dos-pais","status":"publish","type":"post","link":"https:\/\/portaldoestado.com.br\/index.php\/2025\/08\/06\/vendas-da-havan-crescem-50-no-setor-de-ferramentas-para-o-dia-dos-pais\/","title":{"rendered":"Vendas da Havan crescem 50% no setor de ferramentas para o Dia dos Pais"},"content":{"rendered":"\n<p><strong><em>A varejista registra alta tamb\u00e9m em produtos do vestu\u00e1rio masculino e projeta aumento em outras \u00e1reas<\/em><\/strong><\/p>\n\n\n\n<p>A Havan, umas das maiores redes varejistas do pa\u00eds, apresentou crescimento de 50% nas vendas do setor de ferramentas nessas \u00faltimas semanas que antecedem o Dia dos Pais. Produtos como caixa de ferramentas, mini motoserra e furadeira tiveram grande procura pelos clientes.<\/p>\n\n\n\n<p>O setor de moda masculina tamb\u00e9m apresentou um crescimento 20% nas vendas. Com a chegada de uma nova frente fria, nesse fim de semana, a expectativa \u00e9 que a procura por pe\u00e7as de vestu\u00e1rios cres\u00e7a ainda mais at\u00e9 o Dia dos Pais.<\/p>\n\n\n\n<p>De acordo com o dono da Havan, Luciano Hang, al\u00e9m de investir em boas ofertas para o per\u00edodo, a loja tem uma variedade de produtos que oferece aos clientes e isso se reflete no crescimento das vendas.<\/p>\n\n\n\n<p>&#8220;As nossas lojas possuem mais de 350 mil itens, ent\u00e3o os filhos t\u00eam uma variedade enorme para encontrar o presente dos seus pais. Al\u00e9m de observarmos um crescimento no setor de ferramentas e moda, at\u00e9 o Dia dos Pais temos tamb\u00e9m a expectativa de aumento nas vendas em outras \u00e1reas da loja, como os produtos eletr\u00f4nicos&#8221;, afirma o empres\u00e1rio.<\/p>\n\n\n\n<p>A Havan \u00e9 uma rede varejista que possui 182 lojas em todo o Brasil. Al\u00e9m disso, ela vende pelo site da loja, wwww.havan.com.br, e pelo Aplicativo Havan.<\/p>\n\n\n\n<p><\/p>\n","protected":false},"excerpt":{"rendered":"<p>A varejista registra alta tamb\u00e9m em produtos do vestu\u00e1rio masculino e projeta aumento em outras \u00e1reas A Havan, umas das maiores redes varejistas do pa\u00eds, apresentou crescimento de 50% nas vendas do setor de ferramentas nessas \u00faltimas semanas que antecedem o Dia dos Pais. Produtos como caixa de ferramentas, mini motoserra e furadeira tiveram grande \u2026<\/p>\n","protected":false},"author":2,"featured_media":1503,"comment_status":"closed","ping_status":"open","sticky":false,"template":"","format":"standard","meta":{"footnotes":""},"categories":[6],"tags":[76],"class_list":["post-1504","post","type-post","status-publish","format-standard","has-post-thumbnail","hentry","category-business","tag-varejo"],"yoast_head":"<!-- This site is optimized with the Yoast SEO plugin v25.5 - https:\/\/yoast.com\/wordpress\/plugins\/seo\/ -->\n<title>Vendas da Havan crescem 50% no setor de ferramentas para o Dia dos Pais - Portal do Estado<\/title>\n<meta name=\"robots\" content=\"index, follow, max-snippet:-1, max-image-preview:large, max-video-preview:-1\" \/>\n<link rel=\"canonical\" href=\"https:\/\/portaldoestado.com.br\/index.php\/2025\/08\/06\/vendas-da-havan-crescem-50-no-setor-de-ferramentas-para-o-dia-dos-pais\/\" \/>\n<meta property=\"og:locale\" content=\"pt_BR\" \/>\n<meta property=\"og:type\" content=\"article\" \/>\n<meta property=\"og:title\" content=\"Vendas da Havan crescem 50% no setor de ferramentas para o Dia dos Pais - Portal do Estado\" \/>\n<meta property=\"og:description\" content=\"A varejista registra alta tamb\u00e9m em produtos do vestu\u00e1rio masculino e projeta aumento em outras \u00e1reas A Havan, umas das maiores redes varejistas do pa\u00eds, apresentou crescimento de 50% nas vendas do setor de ferramentas nessas \u00faltimas semanas que antecedem o Dia dos Pais. Produtos como caixa de ferramentas, mini motoserra e furadeira tiveram grande \u2026\" \/>\n<meta property=\"og:url\" content=\"https:\/\/portaldoestado.com.br\/index.php\/2025\/08\/06\/vendas-da-havan-crescem-50-no-setor-de-ferramentas-para-o-dia-dos-pais\/\" \/>\n<meta property=\"og:site_name\" content=\"Portal do Estado\" \/>\n<meta property=\"article:published_time\" content=\"2025-08-06T17:19:39+00:00\" \/>\n<meta property=\"og:image\" content=\"https:\/\/portaldoestado.com.br\/wp-content\/uploads\/2025\/08\/WhatsApp-Image-2025-08-06-at-13.48.59.jpeg\" \/>\n\t<meta property=\"og:image:width\" content=\"1600\" \/>\n\t<meta property=\"og:image:height\" content=\"899\" \/>\n\t<meta property=\"og:image:type\" content=\"image\/jpeg\" \/>\n<meta name=\"author\" content=\"assessoriadefamosos\" \/>\n<meta name=\"twitter:card\" content=\"summary_large_image\" \/>\n<meta name=\"twitter:label1\" content=\"Escrito por\" \/>\n\t<meta name=\"twitter:data1\" content=\"assessoriadefamosos\" \/>\n\t<meta name=\"twitter:label2\" content=\"Est. tempo de leitura\" \/>\n\t<meta name=\"twitter:data2\" content=\"1 minuto\" \/>\n<script type=\"application\/ld+json\" class=\"yoast-schema-graph\">{\"@context\":\"https:\/\/schema.org\",\"@graph\":[{\"@type\":\"Article\",\"@id\":\"https:\/\/portaldoestado.com.br\/index.php\/2025\/08\/06\/vendas-da-havan-crescem-50-no-setor-de-ferramentas-para-o-dia-dos-pais\/#article\",\"isPartOf\":{\"@id\":\"https:\/\/portaldoestado.com.br\/index.php\/2025\/08\/06\/vendas-da-havan-crescem-50-no-setor-de-ferramentas-para-o-dia-dos-pais\/\"},\"author\":{\"name\":\"assessoriadefamosos\",\"@id\":\"https:\/\/portaldoestado.com.br\/#\/schema\/person\/5ca0174f3c8c84b59da62ea14b698cb9\"},\"headline\":\"Vendas da Havan crescem 50% no setor de ferramentas para o Dia dos Pais\",\"datePublished\":\"2025-08-06T17:19:39+00:00\",\"mainEntityOfPage\":{\"@id\":\"https:\/\/portaldoestado.com.br\/index.php\/2025\/08\/06\/vendas-da-havan-crescem-50-no-setor-de-ferramentas-para-o-dia-dos-pais\/\"},\"wordCount\":249,\"publisher\":{\"@id\":\"https:\/\/portaldoestado.com.br\/#organization\"},\"image\":{\"@id\":\"https:\/\/portaldoestado.com.br\/index.php\/2025\/08\/06\/vendas-da-havan-crescem-50-no-setor-de-ferramentas-para-o-dia-dos-pais\/#primaryimage\"},\"thumbnailUrl\":\"https:\/\/portaldoestado.com.br\/wp-content\/uploads\/2025\/08\/WhatsApp-Image-2025-08-06-at-13.48.59.jpeg\",\"keywords\":[\"varejo\"],\"articleSection\":[\"Business\"],\"inLanguage\":\"pt-BR\"},{\"@type\":\"WebPage\",\"@id\":\"https:\/\/portaldoestado.com.br\/index.php\/2025\/08\/06\/vendas-da-havan-crescem-50-no-setor-de-ferramentas-para-o-dia-dos-pais\/\",\"url\":\"https:\/\/portaldoestado.com.br\/index.php\/2025\/08\/06\/vendas-da-havan-crescem-50-no-setor-de-ferramentas-para-o-dia-dos-pais\/\",\"name\":\"Vendas da Havan crescem 50% no setor de ferramentas para o Dia dos Pais - Portal do Estado\",\"isPartOf\":{\"@id\":\"https:\/\/portaldoestado.com.br\/#website\"},\"primaryImageOfPage\":{\"@id\":\"https:\/\/portaldoestado.com.br\/index.php\/2025\/08\/06\/vendas-da-havan-crescem-50-no-setor-de-ferramentas-para-o-dia-dos-pais\/#primaryimage\"},\"image\":{\"@id\":\"https:\/\/portaldoestado.com.br\/index.php\/2025\/08\/06\/vendas-da-havan-crescem-50-no-setor-de-ferramentas-para-o-dia-dos-pais\/#primaryimage\"},\"thumbnailUrl\":\"https:\/\/portaldoestado.com.br\/wp-content\/uploads\/2025\/08\/WhatsApp-Image-2025-08-06-at-13.48.59.jpeg\",\"datePublished\":\"2025-08-06T17:19:39+00:00\",\"breadcrumb\":{\"@id\":\"https:\/\/portaldoestado.com.br\/index.php\/2025\/08\/06\/vendas-da-havan-crescem-50-no-setor-de-ferramentas-para-o-dia-dos-pais\/#breadcrumb\"},\"inLanguage\":\"pt-BR\",\"potentialAction\":[{\"@type\":\"ReadAction\",\"target\":[\"https:\/\/portaldoestado.com.br\/index.php\/2025\/08\/06\/vendas-da-havan-crescem-50-no-setor-de-ferramentas-para-o-dia-dos-pais\/\"]}]},{\"@type\":\"ImageObject\",\"inLanguage\":\"pt-BR\",\"@id\":\"https:\/\/portaldoestado.com.br\/index.php\/2025\/08\/06\/vendas-da-havan-crescem-50-no-setor-de-ferramentas-para-o-dia-dos-pais\/#primaryimage\",\"url\":\"https:\/\/portaldoestado.com.br\/wp-content\/uploads\/2025\/08\/WhatsApp-Image-2025-08-06-at-13.48.59.jpeg\",\"contentUrl\":\"https:\/\/portaldoestado.com.br\/wp-content\/uploads\/2025\/08\/WhatsApp-Image-2025-08-06-at-13.48.59.jpeg\",\"width\":1600,\"height\":899},{\"@type\":\"BreadcrumbList\",\"@id\":\"https:\/\/portaldoestado.com.br\/index.php\/2025\/08\/06\/vendas-da-havan-crescem-50-no-setor-de-ferramentas-para-o-dia-dos-pais\/#breadcrumb\",\"itemListElement\":[{\"@type\":\"ListItem\",\"position\":1,\"name\":\"In\u00edcio\",\"item\":\"https:\/\/portaldoestado.com.br\/\"},{\"@type\":\"ListItem\",\"position\":2,\"name\":\"Vendas da Havan crescem 50% no setor de ferramentas para o Dia dos Pais\"}]},{\"@type\":\"WebSite\",\"@id\":\"https:\/\/portaldoestado.com.br\/#website\",\"url\":\"https:\/\/portaldoestado.com.br\/\",\"name\":\"Portal do Estado\",\"description\":\"\",\"publisher\":{\"@id\":\"https:\/\/portaldoestado.com.br\/#organization\"},\"potentialAction\":[{\"@type\":\"SearchAction\",\"target\":{\"@type\":\"EntryPoint\",\"urlTemplate\":\"https:\/\/portaldoestado.com.br\/?s={search_term_string}\"},\"query-input\":{\"@type\":\"PropertyValueSpecification\",\"valueRequired\":true,\"valueName\":\"search_term_string\"}}],\"inLanguage\":\"pt-BR\"},{\"@type\":\"Organization\",\"@id\":\"https:\/\/portaldoestado.com.br\/#organization\",\"name\":\"Portal do Estado\",\"url\":\"https:\/\/portaldoestado.com.br\/\",\"logo\":{\"@type\":\"ImageObject\",\"inLanguage\":\"pt-BR\",\"@id\":\"https:\/\/portaldoestado.com.br\/#\/schema\/logo\/image\/\",\"url\":\"https:\/\/portaldoestado.com.br\/wp-content\/uploads\/2025\/04\/cropped-6f69b19a-6472-43bf-b1b3-e1910bbbd4e8.png\",\"contentUrl\":\"https:\/\/portaldoestado.com.br\/wp-content\/uploads\/2025\/04\/cropped-6f69b19a-6472-43bf-b1b3-e1910bbbd4e8.png\",\"width\":1024,\"height\":350,\"caption\":\"Portal do Estado\"},\"image\":{\"@id\":\"https:\/\/portaldoestado.com.br\/#\/schema\/logo\/image\/\"}},{\"@type\":\"Person\",\"@id\":\"https:\/\/portaldoestado.com.br\/#\/schema\/person\/5ca0174f3c8c84b59da62ea14b698cb9\",\"name\":\"assessoriadefamosos\",\"image\":{\"@type\":\"ImageObject\",\"inLanguage\":\"pt-BR\",\"@id\":\"https:\/\/portaldoestado.com.br\/#\/schema\/person\/image\/\",\"url\":\"https:\/\/secure.gravatar.com\/avatar\/a7acbdffcfbbae7240e59f47fe511ec5f5d8c252c779f0b8d9ab02a9e1d8c5ed?s=96&d=mm&r=g\",\"contentUrl\":\"https:\/\/secure.gravatar.com\/avatar\/a7acbdffcfbbae7240e59f47fe511ec5f5d8c252c779f0b8d9ab02a9e1d8c5ed?s=96&d=mm&r=g\",\"caption\":\"assessoriadefamosos\"},\"url\":\"https:\/\/portaldoestado.com.br\/index.php\/author\/assessoriadefamosos\/\"}]}<\/script>\n<!-- \/ Yoast SEO plugin. -->","yoast_head_json":{"title":"Vendas da Havan crescem 50% no setor de ferramentas para o Dia dos Pais - Portal do Estado","robots":{"index":"index","follow":"follow","max-snippet":"max-snippet:-1","max-image-preview":"max-image-preview:large","max-video-preview":"max-video-preview:-1"},"canonical":"https:\/\/portaldoestado.com.br\/index.php\/2025\/08\/06\/vendas-da-havan-crescem-50-no-setor-de-ferramentas-para-o-dia-dos-pais\/","og_locale":"pt_BR","og_type":"article","og_title":"Vendas da Havan crescem 50% no setor de ferramentas para o Dia dos Pais - Portal do Estado","og_description":"A varejista registra alta tamb\u00e9m em produtos do vestu\u00e1rio masculino e projeta aumento em outras \u00e1reas A Havan, umas das maiores redes varejistas do pa\u00eds, apresentou crescimento de 50% nas vendas do setor de ferramentas nessas \u00faltimas semanas que antecedem o Dia dos Pais. Produtos como caixa de ferramentas, mini motoserra e furadeira tiveram grande \u2026","og_url":"https:\/\/portaldoestado.com.br\/index.php\/2025\/08\/06\/vendas-da-havan-crescem-50-no-setor-de-ferramentas-para-o-dia-dos-pais\/","og_site_name":"Portal do Estado","article_published_time":"2025-08-06T17:19:39+00:00","og_image":[{"width":1600,"height":899,"url":"https:\/\/portaldoestado.com.br\/wp-content\/uploads\/2025\/08\/WhatsApp-Image-2025-08-06-at-13.48.59.jpeg","type":"image\/jpeg"}],"author":"assessoriadefamosos","twitter_card":"summary_large_image","twitter_misc":{"Escrito por":"assessoriadefamosos","Est. tempo de leitura":"1 minuto"},"schema":{"@context":"https:\/\/schema.org","@graph":[{"@type":"Article","@id":"https:\/\/portaldoestado.com.br\/index.php\/2025\/08\/06\/vendas-da-havan-crescem-50-no-setor-de-ferramentas-para-o-dia-dos-pais\/#article","isPartOf":{"@id":"https:\/\/portaldoestado.com.br\/index.php\/2025\/08\/06\/vendas-da-havan-crescem-50-no-setor-de-ferramentas-para-o-dia-dos-pais\/"},"author":{"name":"assessoriadefamosos","@id":"https:\/\/portaldoestado.com.br\/#\/schema\/person\/5ca0174f3c8c84b59da62ea14b698cb9"},"headline":"Vendas da Havan crescem 50% no setor de ferramentas para o Dia dos Pais","datePublished":"2025-08-06T17:19:39+00:00","mainEntityOfPage":{"@id":"https:\/\/portaldoestado.com.br\/index.php\/2025\/08\/06\/vendas-da-havan-crescem-50-no-setor-de-ferramentas-para-o-dia-dos-pais\/"},"wordCount":249,"publisher":{"@id":"https:\/\/portaldoestado.com.br\/#organization"},"image":{"@id":"https:\/\/portaldoestado.com.br\/index.php\/2025\/08\/06\/vendas-da-havan-crescem-50-no-setor-de-ferramentas-para-o-dia-dos-pais\/#primaryimage"},"thumbnailUrl":"https:\/\/portaldoestado.com.br\/wp-content\/uploads\/2025\/08\/WhatsApp-Image-2025-08-06-at-13.48.59.jpeg","keywords":["varejo"],"articleSection":["Business"],"inLanguage":"pt-BR"},{"@type":"WebPage","@id":"https:\/\/portaldoestado.com.br\/index.php\/2025\/08\/06\/vendas-da-havan-crescem-50-no-setor-de-ferramentas-para-o-dia-dos-pais\/","url":"https:\/\/portaldoestado.com.br\/index.php\/2025\/08\/06\/vendas-da-havan-crescem-50-no-setor-de-ferramentas-para-o-dia-dos-pais\/","name":"Vendas da Havan crescem 50% no setor de ferramentas para o Dia dos Pais - Portal do Estado","isPartOf":{"@id":"https:\/\/portaldoestado.com.br\/#website"},"primaryImageOfPage":{"@id":"https:\/\/portaldoestado.com.br\/index.php\/2025\/08\/06\/vendas-da-havan-crescem-50-no-setor-de-ferramentas-para-o-dia-dos-pais\/#primaryimage"},"image":{"@id":"https:\/\/portaldoestado.com.br\/index.php\/2025\/08\/06\/vendas-da-havan-crescem-50-no-setor-de-ferramentas-para-o-dia-dos-pais\/#primaryimage"},"thumbnailUrl":"https:\/\/portaldoestado.com.br\/wp-content\/uploads\/2025\/08\/WhatsApp-Image-2025-08-06-at-13.48.59.jpeg","datePublished":"2025-08-06T17:19:39+00:00","breadcrumb":{"@id":"https:\/\/portaldoestado.com.br\/index.php\/2025\/08\/06\/vendas-da-havan-crescem-50-no-setor-de-ferramentas-para-o-dia-dos-pais\/#breadcrumb"},"inLanguage":"pt-BR","potentialAction":[{"@type":"ReadAction","target":["https:\/\/portaldoestado.com.br\/index.php\/2025\/08\/06\/vendas-da-havan-crescem-50-no-setor-de-ferramentas-para-o-dia-dos-pais\/"]}]},{"@type":"ImageObject","inLanguage":"pt-BR","@id":"https:\/\/portaldoestado.com.br\/index.php\/2025\/08\/06\/vendas-da-havan-crescem-50-no-setor-de-ferramentas-para-o-dia-dos-pais\/#primaryimage","url":"https:\/\/portaldoestado.com.br\/wp-content\/uploads\/2025\/08\/WhatsApp-Image-2025-08-06-at-13.48.59.jpeg","contentUrl":"https:\/\/portaldoestado.com.br\/wp-content\/uploads\/2025\/08\/WhatsApp-Image-2025-08-06-at-13.48.59.jpeg","width":1600,"height":899},{"@type":"BreadcrumbList","@id":"https:\/\/portaldoestado.com.br\/index.php\/2025\/08\/06\/vendas-da-havan-crescem-50-no-setor-de-ferramentas-para-o-dia-dos-pais\/#breadcrumb","itemListElement":[{"@type":"ListItem","position":1,"name":"In\u00edcio","item":"https:\/\/portaldoestado.com.br\/"},{"@type":"ListItem","position":2,"name":"Vendas da Havan crescem 50% no setor de ferramentas para o Dia dos Pais"}]},{"@type":"WebSite","@id":"https:\/\/portaldoestado.com.br\/#website","url":"https:\/\/portaldoestado.com.br\/","name":"Portal do Estado","description":"","publisher":{"@id":"https:\/\/portaldoestado.com.br\/#organization"},"potentialAction":[{"@type":"SearchAction","target":{"@type":"EntryPoint","urlTemplate":"https:\/\/portaldoestado.com.br\/?s={search_term_string}"},"query-input":{"@type":"PropertyValueSpecification","valueRequired":true,"valueName":"search_term_string"}}],"inLanguage":"pt-BR"},{"@type":"Organization","@id":"https:\/\/portaldoestado.com.br\/#organization","name":"Portal do Estado","url":"https:\/\/portaldoestado.com.br\/","logo":{"@type":"ImageObject","inLanguage":"pt-BR","@id":"https:\/\/portaldoestado.com.br\/#\/schema\/logo\/image\/","url":"https:\/\/portaldoestado.com.br\/wp-content\/uploads\/2025\/04\/cropped-6f69b19a-6472-43bf-b1b3-e1910bbbd4e8.png","contentUrl":"https:\/\/portaldoestado.com.br\/wp-content\/uploads\/2025\/04\/cropped-6f69b19a-6472-43bf-b1b3-e1910bbbd4e8.png","width":1024,"height":350,"caption":"Portal do Estado"},"image":{"@id":"https:\/\/portaldoestado.com.br\/#\/schema\/logo\/image\/"}},{"@type":"Person","@id":"https:\/\/portaldoestado.com.br\/#\/schema\/person\/5ca0174f3c8c84b59da62ea14b698cb9","name":"assessoriadefamosos","image":{"@type":"ImageObject","inLanguage":"pt-BR","@id":"https:\/\/portaldoestado.com.br\/#\/schema\/person\/image\/","url":"https:\/\/secure.gravatar.com\/avatar\/a7acbdffcfbbae7240e59f47fe511ec5f5d8c252c779f0b8d9ab02a9e1d8c5ed?s=96&d=mm&r=g","contentUrl":"https:\/\/secure.gravatar.com\/avatar\/a7acbdffcfbbae7240e59f47fe511ec5f5d8c252c779f0b8d9ab02a9e1d8c5ed?s=96&d=mm&r=g","caption":"assessoriadefamosos"},"url":"https:\/\/portaldoestado.com.br\/index.php\/author\/assessoriadefamosos\/"}]}},"jetpack_featured_media_url":"https:\/\/portaldoestado.com.br\/wp-content\/uploads\/2025\/08\/WhatsApp-Image-2025-08-06-at-13.48.59.jpeg","_links":{"self":[{"href":"https:\/\/portaldoestado.com.br\/index.php\/wp-json\/wp\/v2\/posts\/1504","targetHints":{"allow":["GET"]}}],"collection":[{"href":"https:\/\/portaldoestado.com.br\/index.php\/wp-json\/wp\/v2\/posts"}],"about":[{"href":"https:\/\/portaldoestado.com.br\/index.php\/wp-json\/wp\/v2\/types\/post"}],"author":[{"embeddable":true,"href":"https:\/\/portaldoestado.com.br\/index.php\/wp-json\/wp\/v2\/users\/2"}],"replies":[{"embeddable":true,"href":"https:\/\/portaldoestado.com.br\/index.php\/wp-json\/wp\/v2\/comments?post=1504"}],"version-history":[{"count":1,"href":"https:\/\/portaldoestado.com.br\/index.php\/wp-json\/wp\/v2\/posts\/1504\/revisions"}],"predecessor-version":[{"id":1505,"href":"https:\/\/portaldoestado.com.br\/index.php\/wp-json\/wp\/v2\/posts\/1504\/revisions\/1505"}],"wp:featuredmedia":[{"embeddable":true,"href":"https:\/\/portaldoestado.com.br\/index.php\/wp-json\/wp\/v2\/media\/1503"}],"wp:attachment":[{"href":"https:\/\/portaldoestado.com.br\/index.php\/wp-json\/wp\/v2\/media?parent=1504"}],"wp:term":[{"taxonomy":"category","embeddable":true,"href":"https:\/\/portaldoestado.com.br\/index.php\/wp-json\/wp\/v2\/categories?post=1504"},{"taxonomy":"post_tag","embeddable":true,"href":"https:\/\/portaldoestado.com.br\/index.php\/wp-json\/wp\/v2\/tags?post=1504"}],"curies":[{"name":"wp","href":"https:\/\/api.w.org\/{rel}","templated":true}]}}