{"id":1501,"date":"2025-08-06T14:23:08","date_gmt":"2025-08-06T14:23:08","guid":{"rendered":"https:\/\/portaldoestado.com.br\/?p=1501"},"modified":"2025-08-06T14:23:08","modified_gmt":"2025-08-06T14:23:08","slug":"um-novo-capitulo-da-beleza-limpa-comeca-agora-com-o-grupo-laces","status":"publish","type":"post","link":"https:\/\/portaldoestado.com.br\/index.php\/2025\/08\/06\/um-novo-capitulo-da-beleza-limpa-comeca-agora-com-o-grupo-laces\/","title":{"rendered":"Um novo cap\u00edtulo da beleza limpa come\u00e7a agora com o Grupo Laces"},"content":{"rendered":"\n<p>Na \u00faltima segunda-feira (04), o Grupo Laces reuniu um time poderoso, entre l\u00edderes do mercado de beleza, creators e convidados especiais, para apresentar tr\u00eas novidades que t\u00eam tudo pra virar chave no setor: a <strong>Comunidade Laces<\/strong>, a <strong>Comunidade Bioma<\/strong> e o <strong>BAL (Before&#038;After Laces)<\/strong>, o primeiro e-commerce coletivo do Brasil voltado exclusivamente para sal\u00f5es de beleza.<\/p>\n\n\n\n<p>O encontro aconteceu em S\u00e3o Paulo e foi conduzido pela fundadora <strong>Cris Dios<\/strong>, que h\u00e1 mais de 30 anos vem abrindo caminhos para uma beleza mais limpa, regenerativa e conectada com quem a gente \u00e9 de verdade.<\/p>\n\n\n<!-- wp:image \"id\":31601,\"sizeSlug\":\"large\",\"linkDestination\":\"none\" -->\n<figure class=\"wp-block-image size-large\"><img decoding=\"async\" src=\"https:\/\/www.michelasi.com.br\/wp-content\/uploads\/2025\/08\/LACESxBIOMA-36-2-1024x683.jpg\" alt=\"\" class=\"wp-image-31601\" \/><\/figure>\n<!-- \/wp:post-content -->\n\n<!-- wp:heading \"level\":3 -->\n<h3 class=\"wp-block-heading\"><strong>Fio condutor: escuta, autocuidado e presen\u00e7a<\/strong><\/h3>\n<!-- \/wp:heading -->\n\n<!-- wp:paragraph -->\n<p>A proposta da Comunidade Laces \u00e9 simples e potente: criar uma jornada de cuidado capilar cont\u00ednuo, com planos mensais de tr\u00eas, seis ou doze meses. \u00c9 como ir \u00e0 academia, s\u00f3 que para os fios. Uma rotina de escuta, const\u00e2ncia e preven\u00e7\u00e3o, em que o cabelo deixa de ser um problema e passa a ser parte ativa do seu bem-estar.<\/p>\n<!-- \/wp:paragraph -->\n\n<!-- wp:paragraph -->\n<p>Quem tamb\u00e9m embarcou nessa reconex\u00e3o foi a atriz <strong>Suzana Alves<\/strong>, que emocionou os convidados ao revelar sua volta \u00e0 cor natural dos cabelos, em uma transforma\u00e7\u00e3o assinada por Cris. Em um talk intimista, ela compartilhou a decis\u00e3o de remover as pr\u00f3teses de silicone e viver uma beleza mais real:<\/p>\n<!-- \/wp:paragraph -->\n\n<!-- wp:paragraph -->\n<p>\u201cOuvir meu cabelo foi um passo importante nesse processo de transforma\u00e7\u00e3o. Hoje, ele fala sobre quem eu sou\u201d.<\/p>\n<!-- \/wp:paragraph -->\n\n<!-- wp:image \"id\":31602,\"sizeSlug\":\"large\",\"linkDestination\":\"none\" -->\n<figure class=\"wp-block-image size-large\"><img decoding=\"async\" src=\"https:\/\/www.michelasi.com.br\/wp-content\/uploads\/2025\/08\/LACESxBIOMA-134-2-1024x683.jpg\" alt=\"\" class=\"wp-image-31602\" \/><\/figure>\n<!-- \/wp:image -->\n\n<!-- wp:heading \"level\":3 -->\n<h3 class=\"wp-block-heading\"><strong>Beleza que vende, conecta e transforma<\/strong><\/h3>\n<!-- \/wp:heading -->\n\n<!-- wp:paragraph -->\n<p>O evento tamb\u00e9m marcou o lan\u00e7amento do <strong>BAL (Before&#038;After Laces)<\/strong>, uma plataforma digital pensada para conectar o sal\u00e3o ao dia a dia do cliente. Por tr\u00e1s da novidade, est\u00e1 a proposta de empoderar profissionais da beleza com uma ferramenta pr\u00f3pria de recomenda\u00e7\u00e3o e venda, fortalecendo ainda mais a <strong>Rede Bioma<\/strong>, que j\u00e1 conta com mais de 60 sal\u00f5es licenciados pelo Brasil.<\/p>\n<!-- \/wp:paragraph -->\n\n<!-- wp:paragraph -->\n<p>Durante o primeiro painel, rolou um papo sobre o futuro do consumo e o mercado de creators com <strong>Itamar Cechetto<\/strong> (CEO do Grupo Laces), <strong>Monique Lima<\/strong> (CEO da Mimo Live Sales) e <strong>Stefanie Benevides<\/strong>, criadora do primeiro Bioma do Brasil, em Piracicaba.<\/p>\n<!-- \/wp:paragraph -->\n\n<!-- wp:heading \"level\":3 -->\n<h3 class=\"wp-block-heading\"><strong>Um pacto pela beleza que faz sentido<\/strong><\/h3>\n<!-- \/wp:heading -->\n\n<!-- wp:paragraph -->\n<p>A campanha da Comunidade Laces trouxe tamb\u00e9m um toque de humor e afeto, com o ator <strong>Sebastian<\/strong> dando voz ao fio de cabelo e lan\u00e7ando a pergunta que n\u00e3o quer calar: <em>&#8220;Voc\u00ea precisa ouvir seu cabelo?&#8221;<\/em> ,\u00a0 e a resposta, claro, n\u00e3o est\u00e1 na chapinha ou no cronograma capilar, mas na forma como voc\u00ea se percebe, se cuida e se escuta.<\/p>\n<!-- \/wp:paragraph -->\n\n<!-- wp:image \"id\":31605,\"sizeSlug\":\"large\",\"linkDestination\":\"none\" -->\n<figure class=\"wp-block-image size-large\"><img decoding=\"async\" src=\"https:\/\/www.michelasi.com.br\/wp-content\/uploads\/2025\/08\/LACESxBIOMA-122-1-1024x683.jpg\" alt=\"\" class=\"wp-image-31605\" \/><\/figure>\n<!-- \/wp:image -->\n\n<!-- wp:paragraph -->\n<p>O encerramento ficou por conta de um talk sobre Beleza Integral com <strong>Regina Cas\u00e9<\/strong>, <strong>Igor Louverbeck<\/strong>, Suzana e Sebastian, que dividiram vis\u00f5es sobre autoestima, sustentabilidade e futuro. Um dos momentos mais simb\u00f3licos da noite foi o convite para os presentes assinarem o <strong>Pacto Beleza Limpa<\/strong>, um compromisso coletivo com pr\u00e1ticas mais conscientes dentro e fora dos sal\u00f5es.<\/p>\n<!-- \/wp:paragraph -->\n\n<!-- wp:image \"id\":31603,\"sizeSlug\":\"large\",\"linkDestination\":\"none\" -->\n<figure class=\"wp-block-image size-large\"><img decoding=\"async\" src=\"https:\/\/www.michelasi.com.br\/wp-content\/uploads\/2025\/08\/LACESxBIOMA-167-1-1024x683.jpg\" alt=\"\" class=\"wp-image-31603\" \/><\/figure>\n<!-- \/wp:image -->\n\n<!-- wp:paragraph -->\n<p>\u201cA gente acredita que beleza de verdade nasce de dentro, se cuida por fora e transforma o entorno\u201d, resumiu <strong>Itamar Cechetto<\/strong>, CEO do Grupo Laces.<\/p>\n<!-- \/wp:paragraph -->\n\n<!-- wp:heading \"level\":3 -->\n<h3 class=\"wp-block-heading\"><strong>Sobre o Grupo Laces<\/strong><\/h3>\n<!-- \/wp:heading -->\n\n<!-- wp:paragraph -->\n<p>O Laces nasceu em 1987 pelas m\u00e3os de <strong>Mercedes Dios<\/strong>, pioneira em tratamentos capilares com ativos naturais. Hoje liderado por sua filha <strong>Cris Dios<\/strong>, o grupo \u00e9 um ecossistema completo com foco em ESG e beleza sustent\u00e1vel, presente em eventos como a COP 27, COP 28 e COP BIO 16.<\/p>\n<!-- \/wp:paragraph -->\n\n<!-- wp:paragraph -->\n<p>Al\u00e9m do Laces and Hair, o grupo tamb\u00e9m assina as marcas <strong>Bioma<\/strong>, <strong>Slow Beauty<\/strong>, <strong>Carbon Limited<\/strong>, <strong>Cris Dios Organics<\/strong>, <strong>LCS<\/strong> e <strong>C\/Alma<\/strong>.<\/p>\n<!-- \/wp:paragraph -->\n\n<!-- wp:paragraph -->\n<p><a href=\"http:\/\/www.lacesandhair.com.br\">www.lacesandhair.com.br<\/a><\/p>\n<!-- \/wp:paragraph -->","protected":false},"excerpt":{"rendered":"<p>Na \u00faltima segunda-feira (04), o Grupo Laces reuniu um time poderoso, entre l\u00edderes do mercado de beleza, creators e convidados especiais, para apresentar tr\u00eas novidades que t\u00eam tudo pra virar chave no setor: a Comunidade Laces, a Comunidade Bioma e o BAL (Before&#038;After Laces), o primeiro e-commerce coletivo do Brasil voltado exclusivamente para sal\u00f5es de \u2026<\/p>\n","protected":false},"author":2,"featured_media":1500,"comment_status":"closed","ping_status":"open","sticky":false,"template":"","format":"standard","meta":{"footnotes":""},"categories":[15],"tags":[74,75,66],"class_list":["post-1501","post","type-post","status-publish","format-standard","has-post-thumbnail","hentry","category-beleza","tag-bioma","tag-cris-dios","tag-grupo-laces"],"yoast_head":"<!-- This site is optimized with the Yoast SEO plugin v25.5 - https:\/\/yoast.com\/wordpress\/plugins\/seo\/ -->\n<title>Um novo cap\u00edtulo da beleza limpa come\u00e7a agora com o Grupo Laces - Portal do Estado<\/title>\n<meta name=\"robots\" content=\"index, follow, max-snippet:-1, max-image-preview:large, max-video-preview:-1\" \/>\n<link rel=\"canonical\" href=\"https:\/\/portaldoestado.com.br\/index.php\/2025\/08\/06\/um-novo-capitulo-da-beleza-limpa-comeca-agora-com-o-grupo-laces\/\" \/>\n<meta property=\"og:locale\" content=\"pt_BR\" \/>\n<meta property=\"og:type\" content=\"article\" \/>\n<meta property=\"og:title\" content=\"Um novo cap\u00edtulo da beleza limpa come\u00e7a agora com o Grupo Laces - Portal do Estado\" \/>\n<meta property=\"og:description\" content=\"Na \u00faltima segunda-feira (04), o Grupo Laces reuniu um time poderoso, entre l\u00edderes do mercado de beleza, creators e convidados especiais, para apresentar tr\u00eas novidades que t\u00eam tudo pra virar chave no setor: a Comunidade Laces, a Comunidade Bioma e o BAL (Before&amp;After Laces), o primeiro e-commerce coletivo do Brasil voltado exclusivamente para sal\u00f5es de \u2026\" \/>\n<meta property=\"og:url\" content=\"https:\/\/portaldoestado.com.br\/index.php\/2025\/08\/06\/um-novo-capitulo-da-beleza-limpa-comeca-agora-com-o-grupo-laces\/\" \/>\n<meta property=\"og:site_name\" content=\"Portal do Estado\" \/>\n<meta property=\"article:published_time\" content=\"2025-08-06T14:23:08+00:00\" \/>\n<meta property=\"og:image\" content=\"https:\/\/portaldoestado.com.br\/wp-content\/uploads\/2025\/08\/LACESxBIOMA-182-scaled-1.jpg\" \/>\n\t<meta property=\"og:image:width\" content=\"2560\" \/>\n\t<meta property=\"og:image:height\" content=\"1706\" \/>\n\t<meta property=\"og:image:type\" content=\"image\/jpeg\" \/>\n<meta name=\"author\" content=\"assessoriadefamosos\" \/>\n<meta name=\"twitter:card\" content=\"summary_large_image\" \/>\n<meta name=\"twitter:label1\" content=\"Escrito por\" \/>\n\t<meta name=\"twitter:data1\" content=\"assessoriadefamosos\" \/>\n\t<meta name=\"twitter:label2\" content=\"Est. tempo de leitura\" \/>\n\t<meta name=\"twitter:data2\" content=\"3 minutos\" \/>\n<script type=\"application\/ld+json\" class=\"yoast-schema-graph\">{\"@context\":\"https:\/\/schema.org\",\"@graph\":[{\"@type\":\"Article\",\"@id\":\"https:\/\/portaldoestado.com.br\/index.php\/2025\/08\/06\/um-novo-capitulo-da-beleza-limpa-comeca-agora-com-o-grupo-laces\/#article\",\"isPartOf\":{\"@id\":\"https:\/\/portaldoestado.com.br\/index.php\/2025\/08\/06\/um-novo-capitulo-da-beleza-limpa-comeca-agora-com-o-grupo-laces\/\"},\"author\":{\"name\":\"assessoriadefamosos\",\"@id\":\"https:\/\/portaldoestado.com.br\/#\/schema\/person\/5ca0174f3c8c84b59da62ea14b698cb9\"},\"headline\":\"Um novo cap\u00edtulo da beleza limpa come\u00e7a agora com o Grupo Laces\",\"datePublished\":\"2025-08-06T14:23:08+00:00\",\"mainEntityOfPage\":{\"@id\":\"https:\/\/portaldoestado.com.br\/index.php\/2025\/08\/06\/um-novo-capitulo-da-beleza-limpa-comeca-agora-com-o-grupo-laces\/\"},\"wordCount\":603,\"publisher\":{\"@id\":\"https:\/\/portaldoestado.com.br\/#organization\"},\"image\":{\"@id\":\"https:\/\/portaldoestado.com.br\/index.php\/2025\/08\/06\/um-novo-capitulo-da-beleza-limpa-comeca-agora-com-o-grupo-laces\/#primaryimage\"},\"thumbnailUrl\":\"https:\/\/portaldoestado.com.br\/wp-content\/uploads\/2025\/08\/LACESxBIOMA-182-scaled-1.jpg\",\"keywords\":[\"Bioma\",\"Cris Dios\",\"Grupo Laces\"],\"articleSection\":[\"Beleza\"],\"inLanguage\":\"pt-BR\"},{\"@type\":\"WebPage\",\"@id\":\"https:\/\/portaldoestado.com.br\/index.php\/2025\/08\/06\/um-novo-capitulo-da-beleza-limpa-comeca-agora-com-o-grupo-laces\/\",\"url\":\"https:\/\/portaldoestado.com.br\/index.php\/2025\/08\/06\/um-novo-capitulo-da-beleza-limpa-comeca-agora-com-o-grupo-laces\/\",\"name\":\"Um novo cap\u00edtulo da beleza limpa come\u00e7a agora com o Grupo Laces - Portal do Estado\",\"isPartOf\":{\"@id\":\"https:\/\/portaldoestado.com.br\/#website\"},\"primaryImageOfPage\":{\"@id\":\"https:\/\/portaldoestado.com.br\/index.php\/2025\/08\/06\/um-novo-capitulo-da-beleza-limpa-comeca-agora-com-o-grupo-laces\/#primaryimage\"},\"image\":{\"@id\":\"https:\/\/portaldoestado.com.br\/index.php\/2025\/08\/06\/um-novo-capitulo-da-beleza-limpa-comeca-agora-com-o-grupo-laces\/#primaryimage\"},\"thumbnailUrl\":\"https:\/\/portaldoestado.com.br\/wp-content\/uploads\/2025\/08\/LACESxBIOMA-182-scaled-1.jpg\",\"datePublished\":\"2025-08-06T14:23:08+00:00\",\"breadcrumb\":{\"@id\":\"https:\/\/portaldoestado.com.br\/index.php\/2025\/08\/06\/um-novo-capitulo-da-beleza-limpa-comeca-agora-com-o-grupo-laces\/#breadcrumb\"},\"inLanguage\":\"pt-BR\",\"potentialAction\":[{\"@type\":\"ReadAction\",\"target\":[\"https:\/\/portaldoestado.com.br\/index.php\/2025\/08\/06\/um-novo-capitulo-da-beleza-limpa-comeca-agora-com-o-grupo-laces\/\"]}]},{\"@type\":\"ImageObject\",\"inLanguage\":\"pt-BR\",\"@id\":\"https:\/\/portaldoestado.com.br\/index.php\/2025\/08\/06\/um-novo-capitulo-da-beleza-limpa-comeca-agora-com-o-grupo-laces\/#primaryimage\",\"url\":\"https:\/\/portaldoestado.com.br\/wp-content\/uploads\/2025\/08\/LACESxBIOMA-182-scaled-1.jpg\",\"contentUrl\":\"https:\/\/portaldoestado.com.br\/wp-content\/uploads\/2025\/08\/LACESxBIOMA-182-scaled-1.jpg\",\"width\":2560,\"height\":1706},{\"@type\":\"BreadcrumbList\",\"@id\":\"https:\/\/portaldoestado.com.br\/index.php\/2025\/08\/06\/um-novo-capitulo-da-beleza-limpa-comeca-agora-com-o-grupo-laces\/#breadcrumb\",\"itemListElement\":[{\"@type\":\"ListItem\",\"position\":1,\"name\":\"In\u00edcio\",\"item\":\"https:\/\/portaldoestado.com.br\/\"},{\"@type\":\"ListItem\",\"position\":2,\"name\":\"Um novo cap\u00edtulo da beleza limpa come\u00e7a agora com o Grupo Laces\"}]},{\"@type\":\"WebSite\",\"@id\":\"https:\/\/portaldoestado.com.br\/#website\",\"url\":\"https:\/\/portaldoestado.com.br\/\",\"name\":\"Portal do Estado\",\"description\":\"\",\"publisher\":{\"@id\":\"https:\/\/portaldoestado.com.br\/#organization\"},\"potentialAction\":[{\"@type\":\"SearchAction\",\"target\":{\"@type\":\"EntryPoint\",\"urlTemplate\":\"https:\/\/portaldoestado.com.br\/?s={search_term_string}\"},\"query-input\":{\"@type\":\"PropertyValueSpecification\",\"valueRequired\":true,\"valueName\":\"search_term_string\"}}],\"inLanguage\":\"pt-BR\"},{\"@type\":\"Organization\",\"@id\":\"https:\/\/portaldoestado.com.br\/#organization\",\"name\":\"Portal do Estado\",\"url\":\"https:\/\/portaldoestado.com.br\/\",\"logo\":{\"@type\":\"ImageObject\",\"inLanguage\":\"pt-BR\",\"@id\":\"https:\/\/portaldoestado.com.br\/#\/schema\/logo\/image\/\",\"url\":\"https:\/\/portaldoestado.com.br\/wp-content\/uploads\/2025\/04\/cropped-6f69b19a-6472-43bf-b1b3-e1910bbbd4e8.png\",\"contentUrl\":\"https:\/\/portaldoestado.com.br\/wp-content\/uploads\/2025\/04\/cropped-6f69b19a-6472-43bf-b1b3-e1910bbbd4e8.png\",\"width\":1024,\"height\":350,\"caption\":\"Portal do Estado\"},\"image\":{\"@id\":\"https:\/\/portaldoestado.com.br\/#\/schema\/logo\/image\/\"}},{\"@type\":\"Person\",\"@id\":\"https:\/\/portaldoestado.com.br\/#\/schema\/person\/5ca0174f3c8c84b59da62ea14b698cb9\",\"name\":\"assessoriadefamosos\",\"image\":{\"@type\":\"ImageObject\",\"inLanguage\":\"pt-BR\",\"@id\":\"https:\/\/portaldoestado.com.br\/#\/schema\/person\/image\/\",\"url\":\"https:\/\/secure.gravatar.com\/avatar\/a7acbdffcfbbae7240e59f47fe511ec5f5d8c252c779f0b8d9ab02a9e1d8c5ed?s=96&d=mm&r=g\",\"contentUrl\":\"https:\/\/secure.gravatar.com\/avatar\/a7acbdffcfbbae7240e59f47fe511ec5f5d8c252c779f0b8d9ab02a9e1d8c5ed?s=96&d=mm&r=g\",\"caption\":\"assessoriadefamosos\"},\"url\":\"https:\/\/portaldoestado.com.br\/index.php\/author\/assessoriadefamosos\/\"}]}<\/script>\n<!-- \/ Yoast SEO plugin. -->","yoast_head_json":{"title":"Um novo cap\u00edtulo da beleza limpa come\u00e7a agora com o Grupo Laces - Portal do Estado","robots":{"index":"index","follow":"follow","max-snippet":"max-snippet:-1","max-image-preview":"max-image-preview:large","max-video-preview":"max-video-preview:-1"},"canonical":"https:\/\/portaldoestado.com.br\/index.php\/2025\/08\/06\/um-novo-capitulo-da-beleza-limpa-comeca-agora-com-o-grupo-laces\/","og_locale":"pt_BR","og_type":"article","og_title":"Um novo cap\u00edtulo da beleza limpa come\u00e7a agora com o Grupo Laces - Portal do Estado","og_description":"Na \u00faltima segunda-feira (04), o Grupo Laces reuniu um time poderoso, entre l\u00edderes do mercado de beleza, creators e convidados especiais, para apresentar tr\u00eas novidades que t\u00eam tudo pra virar chave no setor: a Comunidade Laces, a Comunidade Bioma e o BAL (Before&After Laces), o primeiro e-commerce coletivo do Brasil voltado exclusivamente para sal\u00f5es de \u2026","og_url":"https:\/\/portaldoestado.com.br\/index.php\/2025\/08\/06\/um-novo-capitulo-da-beleza-limpa-comeca-agora-com-o-grupo-laces\/","og_site_name":"Portal do Estado","article_published_time":"2025-08-06T14:23:08+00:00","og_image":[{"width":2560,"height":1706,"url":"https:\/\/portaldoestado.com.br\/wp-content\/uploads\/2025\/08\/LACESxBIOMA-182-scaled-1.jpg","type":"image\/jpeg"}],"author":"assessoriadefamosos","twitter_card":"summary_large_image","twitter_misc":{"Escrito por":"assessoriadefamosos","Est. tempo de leitura":"3 minutos"},"schema":{"@context":"https:\/\/schema.org","@graph":[{"@type":"Article","@id":"https:\/\/portaldoestado.com.br\/index.php\/2025\/08\/06\/um-novo-capitulo-da-beleza-limpa-comeca-agora-com-o-grupo-laces\/#article","isPartOf":{"@id":"https:\/\/portaldoestado.com.br\/index.php\/2025\/08\/06\/um-novo-capitulo-da-beleza-limpa-comeca-agora-com-o-grupo-laces\/"},"author":{"name":"assessoriadefamosos","@id":"https:\/\/portaldoestado.com.br\/#\/schema\/person\/5ca0174f3c8c84b59da62ea14b698cb9"},"headline":"Um novo cap\u00edtulo da beleza limpa come\u00e7a agora com o Grupo Laces","datePublished":"2025-08-06T14:23:08+00:00","mainEntityOfPage":{"@id":"https:\/\/portaldoestado.com.br\/index.php\/2025\/08\/06\/um-novo-capitulo-da-beleza-limpa-comeca-agora-com-o-grupo-laces\/"},"wordCount":603,"publisher":{"@id":"https:\/\/portaldoestado.com.br\/#organization"},"image":{"@id":"https:\/\/portaldoestado.com.br\/index.php\/2025\/08\/06\/um-novo-capitulo-da-beleza-limpa-comeca-agora-com-o-grupo-laces\/#primaryimage"},"thumbnailUrl":"https:\/\/portaldoestado.com.br\/wp-content\/uploads\/2025\/08\/LACESxBIOMA-182-scaled-1.jpg","keywords":["Bioma","Cris Dios","Grupo Laces"],"articleSection":["Beleza"],"inLanguage":"pt-BR"},{"@type":"WebPage","@id":"https:\/\/portaldoestado.com.br\/index.php\/2025\/08\/06\/um-novo-capitulo-da-beleza-limpa-comeca-agora-com-o-grupo-laces\/","url":"https:\/\/portaldoestado.com.br\/index.php\/2025\/08\/06\/um-novo-capitulo-da-beleza-limpa-comeca-agora-com-o-grupo-laces\/","name":"Um novo cap\u00edtulo da beleza limpa come\u00e7a agora com o Grupo Laces - Portal do Estado","isPartOf":{"@id":"https:\/\/portaldoestado.com.br\/#website"},"primaryImageOfPage":{"@id":"https:\/\/portaldoestado.com.br\/index.php\/2025\/08\/06\/um-novo-capitulo-da-beleza-limpa-comeca-agora-com-o-grupo-laces\/#primaryimage"},"image":{"@id":"https:\/\/portaldoestado.com.br\/index.php\/2025\/08\/06\/um-novo-capitulo-da-beleza-limpa-comeca-agora-com-o-grupo-laces\/#primaryimage"},"thumbnailUrl":"https:\/\/portaldoestado.com.br\/wp-content\/uploads\/2025\/08\/LACESxBIOMA-182-scaled-1.jpg","datePublished":"2025-08-06T14:23:08+00:00","breadcrumb":{"@id":"https:\/\/portaldoestado.com.br\/index.php\/2025\/08\/06\/um-novo-capitulo-da-beleza-limpa-comeca-agora-com-o-grupo-laces\/#breadcrumb"},"inLanguage":"pt-BR","potentialAction":[{"@type":"ReadAction","target":["https:\/\/portaldoestado.com.br\/index.php\/2025\/08\/06\/um-novo-capitulo-da-beleza-limpa-comeca-agora-com-o-grupo-laces\/"]}]},{"@type":"ImageObject","inLanguage":"pt-BR","@id":"https:\/\/portaldoestado.com.br\/index.php\/2025\/08\/06\/um-novo-capitulo-da-beleza-limpa-comeca-agora-com-o-grupo-laces\/#primaryimage","url":"https:\/\/portaldoestado.com.br\/wp-content\/uploads\/2025\/08\/LACESxBIOMA-182-scaled-1.jpg","contentUrl":"https:\/\/portaldoestado.com.br\/wp-content\/uploads\/2025\/08\/LACESxBIOMA-182-scaled-1.jpg","width":2560,"height":1706},{"@type":"BreadcrumbList","@id":"https:\/\/portaldoestado.com.br\/index.php\/2025\/08\/06\/um-novo-capitulo-da-beleza-limpa-comeca-agora-com-o-grupo-laces\/#breadcrumb","itemListElement":[{"@type":"ListItem","position":1,"name":"In\u00edcio","item":"https:\/\/portaldoestado.com.br\/"},{"@type":"ListItem","position":2,"name":"Um novo cap\u00edtulo da beleza limpa come\u00e7a agora com o Grupo Laces"}]},{"@type":"WebSite","@id":"https:\/\/portaldoestado.com.br\/#website","url":"https:\/\/portaldoestado.com.br\/","name":"Portal do Estado","description":"","publisher":{"@id":"https:\/\/portaldoestado.com.br\/#organization"},"potentialAction":[{"@type":"SearchAction","target":{"@type":"EntryPoint","urlTemplate":"https:\/\/portaldoestado.com.br\/?s={search_term_string}"},"query-input":{"@type":"PropertyValueSpecification","valueRequired":true,"valueName":"search_term_string"}}],"inLanguage":"pt-BR"},{"@type":"Organization","@id":"https:\/\/portaldoestado.com.br\/#organization","name":"Portal do Estado","url":"https:\/\/portaldoestado.com.br\/","logo":{"@type":"ImageObject","inLanguage":"pt-BR","@id":"https:\/\/portaldoestado.com.br\/#\/schema\/logo\/image\/","url":"https:\/\/portaldoestado.com.br\/wp-content\/uploads\/2025\/04\/cropped-6f69b19a-6472-43bf-b1b3-e1910bbbd4e8.png","contentUrl":"https:\/\/portaldoestado.com.br\/wp-content\/uploads\/2025\/04\/cropped-6f69b19a-6472-43bf-b1b3-e1910bbbd4e8.png","width":1024,"height":350,"caption":"Portal do Estado"},"image":{"@id":"https:\/\/portaldoestado.com.br\/#\/schema\/logo\/image\/"}},{"@type":"Person","@id":"https:\/\/portaldoestado.com.br\/#\/schema\/person\/5ca0174f3c8c84b59da62ea14b698cb9","name":"assessoriadefamosos","image":{"@type":"ImageObject","inLanguage":"pt-BR","@id":"https:\/\/portaldoestado.com.br\/#\/schema\/person\/image\/","url":"https:\/\/secure.gravatar.com\/avatar\/a7acbdffcfbbae7240e59f47fe511ec5f5d8c252c779f0b8d9ab02a9e1d8c5ed?s=96&d=mm&r=g","contentUrl":"https:\/\/secure.gravatar.com\/avatar\/a7acbdffcfbbae7240e59f47fe511ec5f5d8c252c779f0b8d9ab02a9e1d8c5ed?s=96&d=mm&r=g","caption":"assessoriadefamosos"},"url":"https:\/\/portaldoestado.com.br\/index.php\/author\/assessoriadefamosos\/"}]}},"jetpack_featured_media_url":"https:\/\/portaldoestado.com.br\/wp-content\/uploads\/2025\/08\/LACESxBIOMA-182-scaled-1.jpg","_links":{"self":[{"href":"https:\/\/portaldoestado.com.br\/index.php\/wp-json\/wp\/v2\/posts\/1501","targetHints":{"allow":["GET"]}}],"collection":[{"href":"https:\/\/portaldoestado.com.br\/index.php\/wp-json\/wp\/v2\/posts"}],"about":[{"href":"https:\/\/portaldoestado.com.br\/index.php\/wp-json\/wp\/v2\/types\/post"}],"author":[{"embeddable":true,"href":"https:\/\/portaldoestado.com.br\/index.php\/wp-json\/wp\/v2\/users\/2"}],"replies":[{"embeddable":true,"href":"https:\/\/portaldoestado.com.br\/index.php\/wp-json\/wp\/v2\/comments?post=1501"}],"version-history":[{"count":1,"href":"https:\/\/portaldoestado.com.br\/index.php\/wp-json\/wp\/v2\/posts\/1501\/revisions"}],"predecessor-version":[{"id":1502,"href":"https:\/\/portaldoestado.com.br\/index.php\/wp-json\/wp\/v2\/posts\/1501\/revisions\/1502"}],"wp:featuredmedia":[{"embeddable":true,"href":"https:\/\/portaldoestado.com.br\/index.php\/wp-json\/wp\/v2\/media\/1500"}],"wp:attachment":[{"href":"https:\/\/portaldoestado.com.br\/index.php\/wp-json\/wp\/v2\/media?parent=1501"}],"wp:term":[{"taxonomy":"category","embeddable":true,"href":"https:\/\/portaldoestado.com.br\/index.php\/wp-json\/wp\/v2\/categories?post=1501"},{"taxonomy":"post_tag","embeddable":true,"href":"https:\/\/portaldoestado.com.br\/index.php\/wp-json\/wp\/v2\/tags?post=1501"}],"curies":[{"name":"wp","href":"https:\/\/api.w.org\/{rel}","templated":true}]}}