{"id":11121,"date":"2026-09-02T23:53:16","date_gmt":"2026-09-02T23:53:16","guid":{"rendered":"https:\/\/portaldoestado.com.br\/?p=11121"},"modified":"2026-09-02T23:53:16","modified_gmt":"2026-09-02T23:53:16","slug":"karoline-lima-rebate-especulacoes-sobre-gravidez-e-reage-com-bom-humor-aos-comentarios","status":"publish","type":"post","link":"https:\/\/portaldoestado.com.br\/index.php\/2026\/09\/02\/karoline-lima-rebate-especulacoes-sobre-gravidez-e-reage-com-bom-humor-aos-comentarios\/","title":{"rendered":"Karoline Lima rebate especula\u00e7\u00f5es sobre gravidez e reage com bom humor aos coment\u00e1rios"},"content":{"rendered":"<p>Karoline Lima voltou a chamar aten\u00e7\u00e3o nas redes sociais ap\u00f3s se deparar com especula\u00e7\u00f5es de que estaria gr\u00e1vida de L\u00e9o Pereira. A influenciadora, que est\u00e1 noiva do jogador do Flamengo desde julho deste ano, decidiu comentar os rumores e tratou o assunto com o bom humor que costuma marcar suas intera\u00e7\u00f5es com os seguidores.<\/p>\n<p>As suspeitas surgiram depois que internautas passaram a fazer coment\u00e1rios sobre o corpo da influenciadora. A repercuss\u00e3o fez com que Karoline se manifestasse diretamente, deixando claro que n\u00e3o est\u00e1 esperando um filho do atleta.<\/p>\n<p>Sem adotar um tom s\u00e9rio diante da situa\u00e7\u00e3o, ela respondeu \u00e0s especula\u00e7\u00f5es de maneira ir\u00f4nica. Em uma das intera\u00e7\u00f5es, chegou a resumir sua rea\u00e7\u00e3o com a express\u00e3o \u201c\u00e9 bosta\u201d, mostrando que n\u00e3o pretende alimentar os boatos que circulam nas redes sociais.<\/p>\n<p>A resposta rapidamente ganhou repercuss\u00e3o entre os seguidores, principalmente pela forma descontra\u00edda escolhida por Karoline para negar a possibilidade de uma gravidez. Em vez de prolongar a discuss\u00e3o, a influenciadora preferiu transformar os coment\u00e1rios em motivo de brincadeira.<\/p>\n<p>Karoline e L\u00e9o Pereira assumiram o noivado em julho de 2026. Desde ent\u00e3o, o relacionamento do casal passou a ser acompanhado de perto pelos f\u00e3s, que frequentemente especulam sobre os pr\u00f3ximos passos da vida dos dois.<\/p>\n<p>A aten\u00e7\u00e3o em torno da rela\u00e7\u00e3o tamb\u00e9m faz com que qualquer mudan\u00e7a percebida pelos internautas seja suficiente para gerar novas teorias. Coment\u00e1rios sobre casamento, filhos e outros planos pessoais aparecem com frequ\u00eancia nas publica\u00e7\u00f5es da influenciadora e do jogador.<\/p>\n<p>Desta vez, por\u00e9m, Karoline fez quest\u00e3o de colocar um ponto final nas especula\u00e7\u00f5es. A declara\u00e7\u00e3o deixa claro que, apesar do interesse do p\u00fablico pela vida do casal, nem toda informa\u00e7\u00e3o compartilhada ou sugerida nas redes corresponde \u00e0 realidade.<\/p>\n<p>A influenciadora j\u00e1 demonstrou em outras ocasi\u00f5es que prefere responder a situa\u00e7\u00f5es desse tipo sem transformar os coment\u00e1rios em grandes pol\u00eamicas. O tom descontra\u00eddo usado agora segue justamente essa linha e tamb\u00e9m refor\u00e7a sua maneira direta de conversar com os seguidores.<\/p>\n<p>Enquanto os rumores eram desmentidos, o relacionamento com L\u00e9o Pereira continua em uma nova fase desde o pedido de noivado. Os dois passaram a dividir ainda mais momentos da vida pessoal com o p\u00fablico, o que naturalmente aumentou a curiosidade em torno da rela\u00e7\u00e3o.<\/p>\n<p>Apesar das especula\u00e7\u00f5es, Karoline n\u00e3o anunciou nenhuma gravidez e deixou claro que o assunto n\u00e3o passa de um rumor criado a partir de coment\u00e1rios nas redes sociais. Com bom humor, ela preferiu encerrar a hist\u00f3ria sem dar espa\u00e7o para novas interpreta\u00e7\u00f5es.<\/p>\n<p><\/p>\n","protected":false},"excerpt":{"rendered":"<p>Karoline Lima voltou a chamar aten\u00e7\u00e3o nas redes sociais ap\u00f3s se deparar com especula\u00e7\u00f5es de que estaria gr\u00e1vida de L\u00e9o Pereira. A influenciadora, que est\u00e1 noiva do jogador do Flamengo desde julho deste ano, decidiu comentar os rumores e tratou o assunto com o bom humor que costuma marcar suas intera\u00e7\u00f5es com os seguidores. As [\u2026]<\/p>\n","protected":false},"author":2,"featured_media":11120,"comment_status":"closed","ping_status":"open","sticky":false,"template":"","format":"standard","meta":{"footnotes":""},"categories":[3],"tags":[],"class_list":["post-11121","post","type-post","status-publish","format-standard","has-post-thumbnail","hentry","category-famosos"],"yoast_head":"<!-- This site is optimized with the Yoast SEO plugin v25.5 - https:\/\/yoast.com\/wordpress\/plugins\/seo\/ -->\n<title>Karoline Lima rebate especula\u00e7\u00f5es sobre gravidez e reage com bom humor aos coment\u00e1rios - Portal do Estado<\/title>\n<meta name=\"robots\" content=\"index, follow, max-snippet:-1, max-image-preview:large, max-video-preview:-1\" \/>\n<link rel=\"canonical\" href=\"https:\/\/portaldoestado.com.br\/index.php\/2026\/09\/02\/karoline-lima-rebate-especulacoes-sobre-gravidez-e-reage-com-bom-humor-aos-comentarios\/\" \/>\n<meta property=\"og:locale\" content=\"pt_BR\" \/>\n<meta property=\"og:type\" content=\"article\" \/>\n<meta property=\"og:title\" content=\"Karoline Lima rebate especula\u00e7\u00f5es sobre gravidez e reage com bom humor aos coment\u00e1rios - Portal do Estado\" \/>\n<meta property=\"og:description\" content=\"Karoline Lima voltou a chamar aten\u00e7\u00e3o nas redes sociais ap\u00f3s se deparar com especula\u00e7\u00f5es de que estaria gr\u00e1vida de L\u00e9o Pereira. A influenciadora, que est\u00e1 noiva do jogador do Flamengo desde julho deste ano, decidiu comentar os rumores e tratou o assunto com o bom humor que costuma marcar suas intera\u00e7\u00f5es com os seguidores. As [\u2026]\" \/>\n<meta property=\"og:url\" content=\"https:\/\/portaldoestado.com.br\/index.php\/2026\/09\/02\/karoline-lima-rebate-especulacoes-sobre-gravidez-e-reage-com-bom-humor-aos-comentarios\/\" \/>\n<meta property=\"og:site_name\" content=\"Portal do Estado\" \/>\n<meta property=\"article:published_time\" content=\"2026-09-02T23:53:16+00:00\" \/>\n<meta property=\"og:image\" content=\"https:\/\/portaldoestado.com.br\/wp-content\/uploads\/2026\/09\/woj2WrHk-Design-sem-nome-15.png\" \/>\n\t<meta property=\"og:image:width\" content=\"1200\" \/>\n\t<meta property=\"og:image:height\" content=\"900\" \/>\n\t<meta property=\"og:image:type\" content=\"image\/png\" \/>\n<meta name=\"author\" content=\"assessoriadefamosos\" \/>\n<meta name=\"twitter:card\" content=\"summary_large_image\" \/>\n<meta name=\"twitter:label1\" content=\"Escrito por\" \/>\n\t<meta name=\"twitter:data1\" content=\"assessoriadefamosos\" \/>\n\t<meta name=\"twitter:label2\" content=\"Est. tempo de leitura\" \/>\n\t<meta name=\"twitter:data2\" content=\"2 minutos\" \/>\n<script type=\"application\/ld+json\" class=\"yoast-schema-graph\">{\"@context\":\"https:\/\/schema.org\",\"@graph\":[{\"@type\":\"Article\",\"@id\":\"https:\/\/portaldoestado.com.br\/index.php\/2026\/09\/02\/karoline-lima-rebate-especulacoes-sobre-gravidez-e-reage-com-bom-humor-aos-comentarios\/#article\",\"isPartOf\":{\"@id\":\"https:\/\/portaldoestado.com.br\/index.php\/2026\/09\/02\/karoline-lima-rebate-especulacoes-sobre-gravidez-e-reage-com-bom-humor-aos-comentarios\/\"},\"author\":{\"name\":\"assessoriadefamosos\",\"@id\":\"https:\/\/portaldoestado.com.br\/#\/schema\/person\/5ca0174f3c8c84b59da62ea14b698cb9\"},\"headline\":\"Karoline Lima rebate especula\u00e7\u00f5es sobre gravidez e reage com bom humor aos coment\u00e1rios\",\"datePublished\":\"2026-09-02T23:53:16+00:00\",\"mainEntityOfPage\":{\"@id\":\"https:\/\/portaldoestado.com.br\/index.php\/2026\/09\/02\/karoline-lima-rebate-especulacoes-sobre-gravidez-e-reage-com-bom-humor-aos-comentarios\/\"},\"wordCount\":473,\"publisher\":{\"@id\":\"https:\/\/portaldoestado.com.br\/#organization\"},\"image\":{\"@id\":\"https:\/\/portaldoestado.com.br\/index.php\/2026\/09\/02\/karoline-lima-rebate-especulacoes-sobre-gravidez-e-reage-com-bom-humor-aos-comentarios\/#primaryimage\"},\"thumbnailUrl\":\"https:\/\/portaldoestado.com.br\/wp-content\/uploads\/2026\/09\/woj2WrHk-Design-sem-nome-15.png\",\"articleSection\":[\"Famosos\"],\"inLanguage\":\"pt-BR\"},{\"@type\":\"WebPage\",\"@id\":\"https:\/\/portaldoestado.com.br\/index.php\/2026\/09\/02\/karoline-lima-rebate-especulacoes-sobre-gravidez-e-reage-com-bom-humor-aos-comentarios\/\",\"url\":\"https:\/\/portaldoestado.com.br\/index.php\/2026\/09\/02\/karoline-lima-rebate-especulacoes-sobre-gravidez-e-reage-com-bom-humor-aos-comentarios\/\",\"name\":\"Karoline Lima rebate especula\u00e7\u00f5es sobre gravidez e reage com bom humor aos coment\u00e1rios - Portal do Estado\",\"isPartOf\":{\"@id\":\"https:\/\/portaldoestado.com.br\/#website\"},\"primaryImageOfPage\":{\"@id\":\"https:\/\/portaldoestado.com.br\/index.php\/2026\/09\/02\/karoline-lima-rebate-especulacoes-sobre-gravidez-e-reage-com-bom-humor-aos-comentarios\/#primaryimage\"},\"image\":{\"@id\":\"https:\/\/portaldoestado.com.br\/index.php\/2026\/09\/02\/karoline-lima-rebate-especulacoes-sobre-gravidez-e-reage-com-bom-humor-aos-comentarios\/#primaryimage\"},\"thumbnailUrl\":\"https:\/\/portaldoestado.com.br\/wp-content\/uploads\/2026\/09\/woj2WrHk-Design-sem-nome-15.png\",\"datePublished\":\"2026-09-02T23:53:16+00:00\",\"breadcrumb\":{\"@id\":\"https:\/\/portaldoestado.com.br\/index.php\/2026\/09\/02\/karoline-lima-rebate-especulacoes-sobre-gravidez-e-reage-com-bom-humor-aos-comentarios\/#breadcrumb\"},\"inLanguage\":\"pt-BR\",\"potentialAction\":[{\"@type\":\"ReadAction\",\"target\":[\"https:\/\/portaldoestado.com.br\/index.php\/2026\/09\/02\/karoline-lima-rebate-especulacoes-sobre-gravidez-e-reage-com-bom-humor-aos-comentarios\/\"]}]},{\"@type\":\"ImageObject\",\"inLanguage\":\"pt-BR\",\"@id\":\"https:\/\/portaldoestado.com.br\/index.php\/2026\/09\/02\/karoline-lima-rebate-especulacoes-sobre-gravidez-e-reage-com-bom-humor-aos-comentarios\/#primaryimage\",\"url\":\"https:\/\/portaldoestado.com.br\/wp-content\/uploads\/2026\/09\/woj2WrHk-Design-sem-nome-15.png\",\"contentUrl\":\"https:\/\/portaldoestado.com.br\/wp-content\/uploads\/2026\/09\/woj2WrHk-Design-sem-nome-15.png\",\"width\":1200,\"height\":900},{\"@type\":\"BreadcrumbList\",\"@id\":\"https:\/\/portaldoestado.com.br\/index.php\/2026\/09\/02\/karoline-lima-rebate-especulacoes-sobre-gravidez-e-reage-com-bom-humor-aos-comentarios\/#breadcrumb\",\"itemListElement\":[{\"@type\":\"ListItem\",\"position\":1,\"name\":\"In\u00edcio\",\"item\":\"https:\/\/portaldoestado.com.br\/\"},{\"@type\":\"ListItem\",\"position\":2,\"name\":\"Karoline Lima rebate especula\u00e7\u00f5es sobre gravidez e reage com bom humor aos coment\u00e1rios\"}]},{\"@type\":\"WebSite\",\"@id\":\"https:\/\/portaldoestado.com.br\/#website\",\"url\":\"https:\/\/portaldoestado.com.br\/\",\"name\":\"Portal do Estado\",\"description\":\"\",\"publisher\":{\"@id\":\"https:\/\/portaldoestado.com.br\/#organization\"},\"potentialAction\":[{\"@type\":\"SearchAction\",\"target\":{\"@type\":\"EntryPoint\",\"urlTemplate\":\"https:\/\/portaldoestado.com.br\/?s={search_term_string}\"},\"query-input\":{\"@type\":\"PropertyValueSpecification\",\"valueRequired\":true,\"valueName\":\"search_term_string\"}}],\"inLanguage\":\"pt-BR\"},{\"@type\":\"Organization\",\"@id\":\"https:\/\/portaldoestado.com.br\/#organization\",\"name\":\"Portal do Estado\",\"url\":\"https:\/\/portaldoestado.com.br\/\",\"logo\":{\"@type\":\"ImageObject\",\"inLanguage\":\"pt-BR\",\"@id\":\"https:\/\/portaldoestado.com.br\/#\/schema\/logo\/image\/\",\"url\":\"https:\/\/portaldoestado.com.br\/wp-content\/uploads\/2025\/04\/cropped-6f69b19a-6472-43bf-b1b3-e1910bbbd4e8.png\",\"contentUrl\":\"https:\/\/portaldoestado.com.br\/wp-content\/uploads\/2025\/04\/cropped-6f69b19a-6472-43bf-b1b3-e1910bbbd4e8.png\",\"width\":1024,\"height\":350,\"caption\":\"Portal do Estado\"},\"image\":{\"@id\":\"https:\/\/portaldoestado.com.br\/#\/schema\/logo\/image\/\"}},{\"@type\":\"Person\",\"@id\":\"https:\/\/portaldoestado.com.br\/#\/schema\/person\/5ca0174f3c8c84b59da62ea14b698cb9\",\"name\":\"assessoriadefamosos\",\"image\":{\"@type\":\"ImageObject\",\"inLanguage\":\"pt-BR\",\"@id\":\"https:\/\/portaldoestado.com.br\/#\/schema\/person\/image\/\",\"url\":\"https:\/\/secure.gravatar.com\/avatar\/a7acbdffcfbbae7240e59f47fe511ec5f5d8c252c779f0b8d9ab02a9e1d8c5ed?s=96&d=mm&r=g\",\"contentUrl\":\"https:\/\/secure.gravatar.com\/avatar\/a7acbdffcfbbae7240e59f47fe511ec5f5d8c252c779f0b8d9ab02a9e1d8c5ed?s=96&d=mm&r=g\",\"caption\":\"assessoriadefamosos\"},\"url\":\"https:\/\/portaldoestado.com.br\/index.php\/author\/assessoriadefamosos\/\"}]}<\/script>\n<!-- \/ Yoast SEO plugin. -->","yoast_head_json":{"title":"Karoline Lima rebate especula\u00e7\u00f5es sobre gravidez e reage com bom humor aos coment\u00e1rios - Portal do Estado","robots":{"index":"index","follow":"follow","max-snippet":"max-snippet:-1","max-image-preview":"max-image-preview:large","max-video-preview":"max-video-preview:-1"},"canonical":"https:\/\/portaldoestado.com.br\/index.php\/2026\/09\/02\/karoline-lima-rebate-especulacoes-sobre-gravidez-e-reage-com-bom-humor-aos-comentarios\/","og_locale":"pt_BR","og_type":"article","og_title":"Karoline Lima rebate especula\u00e7\u00f5es sobre gravidez e reage com bom humor aos coment\u00e1rios - Portal do Estado","og_description":"Karoline Lima voltou a chamar aten\u00e7\u00e3o nas redes sociais ap\u00f3s se deparar com especula\u00e7\u00f5es de que estaria gr\u00e1vida de L\u00e9o Pereira. A influenciadora, que est\u00e1 noiva do jogador do Flamengo desde julho deste ano, decidiu comentar os rumores e tratou o assunto com o bom humor que costuma marcar suas intera\u00e7\u00f5es com os seguidores. As [\u2026]","og_url":"https:\/\/portaldoestado.com.br\/index.php\/2026\/09\/02\/karoline-lima-rebate-especulacoes-sobre-gravidez-e-reage-com-bom-humor-aos-comentarios\/","og_site_name":"Portal do Estado","article_published_time":"2026-09-02T23:53:16+00:00","og_image":[{"width":1200,"height":900,"url":"https:\/\/portaldoestado.com.br\/wp-content\/uploads\/2026\/09\/woj2WrHk-Design-sem-nome-15.png","type":"image\/png"}],"author":"assessoriadefamosos","twitter_card":"summary_large_image","twitter_misc":{"Escrito por":"assessoriadefamosos","Est. tempo de leitura":"2 minutos"},"schema":{"@context":"https:\/\/schema.org","@graph":[{"@type":"Article","@id":"https:\/\/portaldoestado.com.br\/index.php\/2026\/09\/02\/karoline-lima-rebate-especulacoes-sobre-gravidez-e-reage-com-bom-humor-aos-comentarios\/#article","isPartOf":{"@id":"https:\/\/portaldoestado.com.br\/index.php\/2026\/09\/02\/karoline-lima-rebate-especulacoes-sobre-gravidez-e-reage-com-bom-humor-aos-comentarios\/"},"author":{"name":"assessoriadefamosos","@id":"https:\/\/portaldoestado.com.br\/#\/schema\/person\/5ca0174f3c8c84b59da62ea14b698cb9"},"headline":"Karoline Lima rebate especula\u00e7\u00f5es sobre gravidez e reage com bom humor aos coment\u00e1rios","datePublished":"2026-09-02T23:53:16+00:00","mainEntityOfPage":{"@id":"https:\/\/portaldoestado.com.br\/index.php\/2026\/09\/02\/karoline-lima-rebate-especulacoes-sobre-gravidez-e-reage-com-bom-humor-aos-comentarios\/"},"wordCount":473,"publisher":{"@id":"https:\/\/portaldoestado.com.br\/#organization"},"image":{"@id":"https:\/\/portaldoestado.com.br\/index.php\/2026\/09\/02\/karoline-lima-rebate-especulacoes-sobre-gravidez-e-reage-com-bom-humor-aos-comentarios\/#primaryimage"},"thumbnailUrl":"https:\/\/portaldoestado.com.br\/wp-content\/uploads\/2026\/09\/woj2WrHk-Design-sem-nome-15.png","articleSection":["Famosos"],"inLanguage":"pt-BR"},{"@type":"WebPage","@id":"https:\/\/portaldoestado.com.br\/index.php\/2026\/09\/02\/karoline-lima-rebate-especulacoes-sobre-gravidez-e-reage-com-bom-humor-aos-comentarios\/","url":"https:\/\/portaldoestado.com.br\/index.php\/2026\/09\/02\/karoline-lima-rebate-especulacoes-sobre-gravidez-e-reage-com-bom-humor-aos-comentarios\/","name":"Karoline Lima rebate especula\u00e7\u00f5es sobre gravidez e reage com bom humor aos coment\u00e1rios - Portal do Estado","isPartOf":{"@id":"https:\/\/portaldoestado.com.br\/#website"},"primaryImageOfPage":{"@id":"https:\/\/portaldoestado.com.br\/index.php\/2026\/09\/02\/karoline-lima-rebate-especulacoes-sobre-gravidez-e-reage-com-bom-humor-aos-comentarios\/#primaryimage"},"image":{"@id":"https:\/\/portaldoestado.com.br\/index.php\/2026\/09\/02\/karoline-lima-rebate-especulacoes-sobre-gravidez-e-reage-com-bom-humor-aos-comentarios\/#primaryimage"},"thumbnailUrl":"https:\/\/portaldoestado.com.br\/wp-content\/uploads\/2026\/09\/woj2WrHk-Design-sem-nome-15.png","datePublished":"2026-09-02T23:53:16+00:00","breadcrumb":{"@id":"https:\/\/portaldoestado.com.br\/index.php\/2026\/09\/02\/karoline-lima-rebate-especulacoes-sobre-gravidez-e-reage-com-bom-humor-aos-comentarios\/#breadcrumb"},"inLanguage":"pt-BR","potentialAction":[{"@type":"ReadAction","target":["https:\/\/portaldoestado.com.br\/index.php\/2026\/09\/02\/karoline-lima-rebate-especulacoes-sobre-gravidez-e-reage-com-bom-humor-aos-comentarios\/"]}]},{"@type":"ImageObject","inLanguage":"pt-BR","@id":"https:\/\/portaldoestado.com.br\/index.php\/2026\/09\/02\/karoline-lima-rebate-especulacoes-sobre-gravidez-e-reage-com-bom-humor-aos-comentarios\/#primaryimage","url":"https:\/\/portaldoestado.com.br\/wp-content\/uploads\/2026\/09\/woj2WrHk-Design-sem-nome-15.png","contentUrl":"https:\/\/portaldoestado.com.br\/wp-content\/uploads\/2026\/09\/woj2WrHk-Design-sem-nome-15.png","width":1200,"height":900},{"@type":"BreadcrumbList","@id":"https:\/\/portaldoestado.com.br\/index.php\/2026\/09\/02\/karoline-lima-rebate-especulacoes-sobre-gravidez-e-reage-com-bom-humor-aos-comentarios\/#breadcrumb","itemListElement":[{"@type":"ListItem","position":1,"name":"In\u00edcio","item":"https:\/\/portaldoestado.com.br\/"},{"@type":"ListItem","position":2,"name":"Karoline Lima rebate especula\u00e7\u00f5es sobre gravidez e reage com bom humor aos coment\u00e1rios"}]},{"@type":"WebSite","@id":"https:\/\/portaldoestado.com.br\/#website","url":"https:\/\/portaldoestado.com.br\/","name":"Portal do Estado","description":"","publisher":{"@id":"https:\/\/portaldoestado.com.br\/#organization"},"potentialAction":[{"@type":"SearchAction","target":{"@type":"EntryPoint","urlTemplate":"https:\/\/portaldoestado.com.br\/?s={search_term_string}"},"query-input":{"@type":"PropertyValueSpecification","valueRequired":true,"valueName":"search_term_string"}}],"inLanguage":"pt-BR"},{"@type":"Organization","@id":"https:\/\/portaldoestado.com.br\/#organization","name":"Portal do Estado","url":"https:\/\/portaldoestado.com.br\/","logo":{"@type":"ImageObject","inLanguage":"pt-BR","@id":"https:\/\/portaldoestado.com.br\/#\/schema\/logo\/image\/","url":"https:\/\/portaldoestado.com.br\/wp-content\/uploads\/2025\/04\/cropped-6f69b19a-6472-43bf-b1b3-e1910bbbd4e8.png","contentUrl":"https:\/\/portaldoestado.com.br\/wp-content\/uploads\/2025\/04\/cropped-6f69b19a-6472-43bf-b1b3-e1910bbbd4e8.png","width":1024,"height":350,"caption":"Portal do Estado"},"image":{"@id":"https:\/\/portaldoestado.com.br\/#\/schema\/logo\/image\/"}},{"@type":"Person","@id":"https:\/\/portaldoestado.com.br\/#\/schema\/person\/5ca0174f3c8c84b59da62ea14b698cb9","name":"assessoriadefamosos","image":{"@type":"ImageObject","inLanguage":"pt-BR","@id":"https:\/\/portaldoestado.com.br\/#\/schema\/person\/image\/","url":"https:\/\/secure.gravatar.com\/avatar\/a7acbdffcfbbae7240e59f47fe511ec5f5d8c252c779f0b8d9ab02a9e1d8c5ed?s=96&d=mm&r=g","contentUrl":"https:\/\/secure.gravatar.com\/avatar\/a7acbdffcfbbae7240e59f47fe511ec5f5d8c252c779f0b8d9ab02a9e1d8c5ed?s=96&d=mm&r=g","caption":"assessoriadefamosos"},"url":"https:\/\/portaldoestado.com.br\/index.php\/author\/assessoriadefamosos\/"}]}},"jetpack_featured_media_url":"https:\/\/portaldoestado.com.br\/wp-content\/uploads\/2026\/09\/woj2WrHk-Design-sem-nome-15.png","_links":{"self":[{"href":"https:\/\/portaldoestado.com.br\/index.php\/wp-json\/wp\/v2\/posts\/11121","targetHints":{"allow":["GET"]}}],"collection":[{"href":"https:\/\/portaldoestado.com.br\/index.php\/wp-json\/wp\/v2\/posts"}],"about":[{"href":"https:\/\/portaldoestado.com.br\/index.php\/wp-json\/wp\/v2\/types\/post"}],"author":[{"embeddable":true,"href":"https:\/\/portaldoestado.com.br\/index.php\/wp-json\/wp\/v2\/users\/2"}],"replies":[{"embeddable":true,"href":"https:\/\/portaldoestado.com.br\/index.php\/wp-json\/wp\/v2\/comments?post=11121"}],"version-history":[{"count":1,"href":"https:\/\/portaldoestado.com.br\/index.php\/wp-json\/wp\/v2\/posts\/11121\/revisions"}],"predecessor-version":[{"id":11122,"href":"https:\/\/portaldoestado.com.br\/index.php\/wp-json\/wp\/v2\/posts\/11121\/revisions\/11122"}],"wp:featuredmedia":[{"embeddable":true,"href":"https:\/\/portaldoestado.com.br\/index.php\/wp-json\/wp\/v2\/media\/11120"}],"wp:attachment":[{"href":"https:\/\/portaldoestado.com.br\/index.php\/wp-json\/wp\/v2\/media?parent=11121"}],"wp:term":[{"taxonomy":"category","embeddable":true,"href":"https:\/\/portaldoestado.com.br\/index.php\/wp-json\/wp\/v2\/categories?post=11121"},{"taxonomy":"post_tag","embeddable":true,"href":"https:\/\/portaldoestado.com.br\/index.php\/wp-json\/wp\/v2\/tags?post=11121"}],"curies":[{"name":"wp","href":"https:\/\/api.w.org\/{rel}","templated":true}]}}