{"id":11115,"date":"2026-09-02T15:44:20","date_gmt":"2026-09-02T15:44:20","guid":{"rendered":"https:\/\/portaldoestado.com.br\/?p=11115"},"modified":"2026-09-02T15:44:20","modified_gmt":"2026-09-02T15:44:20","slug":"defesa-de-joelma-contesta-valor-de-divida-e-esclarece-impasse-envolvendo-mansao-no-para","status":"publish","type":"post","link":"https:\/\/portaldoestado.com.br\/index.php\/2026\/09\/02\/defesa-de-joelma-contesta-valor-de-divida-e-esclarece-impasse-envolvendo-mansao-no-para\/","title":{"rendered":"Defesa de Joelma contesta valor de d\u00edvida e esclarece impasse envolvendo mans\u00e3o no Par\u00e1"},"content":{"rendered":"<p>A defesa de Joelma se manifestou para esclarecer as informa\u00e7\u00f5es relacionadas \u00e0 mans\u00e3o da cantora localizada em Ananindeua, na regi\u00e3o metropolitana de Bel\u00e9m. O im\u00f3vel, que se tornou parte de uma disputa patrimonial entre a artista e o ex-marido, Ximbinha, permanece sob a posse do m\u00fasico.<\/p>\n<p>A situa\u00e7\u00e3o ganhou repercuss\u00e3o ap\u00f3s surgirem informa\u00e7\u00f5es sobre uma poss\u00edvel d\u00edvida relacionada \u00e0 propriedade. Entre os valores divulgados, chegou a ser mencionada uma quantia pr\u00f3xima de R$ 700 mil. A equipe jur\u00eddica de Joelma, por\u00e9m, contesta essa informa\u00e7\u00e3o e afirma que n\u00e3o existe um d\u00e9bito dessa propor\u00e7\u00e3o.<\/p>\n<p>Segundo os representantes da cantora, h\u00e1, de fato, uma pend\u00eancia envolvendo o im\u00f3vel, mas ela \u00e9 considerada pequena e existe desde dezembro de 2025. A defesa faz quest\u00e3o de destacar que essa quest\u00e3o n\u00e3o corresponde ao valor de centenas de milhares de reais que passou a circular.<\/p>\n<p>A mans\u00e3o est\u00e1 situada em Ananindeua, munic\u00edpio pr\u00f3ximo \u00e0 capital paraense, e pertence a Joelma. Apesar disso, quem permanece na posse da resid\u00eancia \u00e9 Cledivan Almeida Farias, nome de batismo de Ximbinha.<\/p>\n<p>A perman\u00eancia do m\u00fasico no im\u00f3vel est\u00e1 ligada aos desdobramentos patrimoniais que vieram ap\u00f3s o fim do relacionamento dos dois. Joelma e Ximbinha foram casados e tamb\u00e9m dividiram por muitos anos os palcos \u00e0 frente da banda Calypso, alcan\u00e7ando grande popularidade no Brasil.<\/p>\n<p>Com a separa\u00e7\u00e3o, diferentes quest\u00f5es relacionadas ao patrim\u00f4nio constru\u00eddo durante a uni\u00e3o passaram a fazer parte das discuss\u00f5es entre os dois. A mans\u00e3o no Par\u00e1 entrou nesse contexto e, desde ent\u00e3o, a situa\u00e7\u00e3o do im\u00f3vel vem sendo acompanhada.<\/p>\n<p>O novo esclarecimento da defesa procura separar os fatos relacionados \u00e0 posse da propriedade das informa\u00e7\u00f5es sobre eventuais d\u00e9bitos. Embora exista uma pend\u00eancia registrada desde o fim de 2025, os advogados negam que Joelma tenha uma d\u00edvida de aproximadamente R$ 700 mil referente \u00e0 mans\u00e3o.<\/p>\n<p>A diferen\u00e7a entre os valores \u00e9 considerada relevante pela equipe jur\u00eddica, principalmente porque uma d\u00edvida desse tamanho poderia gerar uma interpreta\u00e7\u00e3o diferente sobre a situa\u00e7\u00e3o financeira da propriedade. Por isso, a defesa decidiu apresentar sua vers\u00e3o e corrigir o que considera uma informa\u00e7\u00e3o equivocada.<\/p>\n<p>O im\u00f3vel permanece, assim, como um dos pontos que ainda geram questionamentos ap\u00f3s o rompimento do casal. A propriedade \u00e9 atribu\u00edda \u00e0 cantora, enquanto Ximbinha continua na posse da resid\u00eancia, mantendo a discuss\u00e3o patrimonial em evid\u00eancia.<\/p>\n<p>O hist\u00f3rico dos dois ajuda a explicar por que qualquer novidade envolvendo bens compartilhados ou adquiridos durante o per\u00edodo em que estiveram juntos costuma despertar interesse. Joelma e Ximbinha constru\u00edram uma trajet\u00f3ria de grande sucesso com a Calypso e permaneceram durante anos entre os nomes mais populares da m\u00fasica brasileira.<\/p>\n<p>Mesmo ap\u00f3s o fim da uni\u00e3o, os assuntos relacionados ao patrim\u00f4nio continuaram tendo desdobramentos. A situa\u00e7\u00e3o da mans\u00e3o \u00e9 mais um exemplo de como determinadas quest\u00f5es podem permanecer pendentes mesmo muitos anos depois de uma separa\u00e7\u00e3o.<\/p>\n<p>A defesa de Joelma, no entanto, refor\u00e7a que n\u00e3o h\u00e1 fundamento para afirmar que a cantora tenha uma d\u00edvida de quase R$ 700 mil relacionada ao im\u00f3vel. O que existe, segundo os advogados, \u00e9 uma pend\u00eancia de valor menor, registrada desde dezembro de 2025.<\/p>\n<p>A manifesta\u00e7\u00e3o tamb\u00e9m coloca em evid\u00eancia que a quest\u00e3o da propriedade e a quest\u00e3o financeira s\u00e3o assuntos distintos. Enquanto a mans\u00e3o continua sendo apontada como patrim\u00f4nio de Joelma, a posse permanece com Ximbinha.<\/p>\n<p>At\u00e9 que o impasse seja definitivamente solucionado, o im\u00f3vel seguir\u00e1 sendo um dos cap\u00edtulos da disputa patrimonial que marcou o per\u00edodo posterior \u00e0 separa\u00e7\u00e3o dos artistas. A defesa da cantora afirma que os valores divulgados anteriormente n\u00e3o refletem a realidade da situa\u00e7\u00e3o.<\/p>\n<p>Com o esclarecimento, Joelma busca colocar um ponto final, ao menos em rela\u00e7\u00e3o \u00e0 informa\u00e7\u00e3o sobre a suposta d\u00edvida milion\u00e1ria. A quest\u00e3o envolvendo a posse da mans\u00e3o, por\u00e9m, continua inserida no conjunto de assuntos patrimoniais que ainda cercam a rela\u00e7\u00e3o entre a cantora e o ex-marido.<\/p>\n<p><\/p>\n","protected":false},"excerpt":{"rendered":"<p>A defesa de Joelma se manifestou para esclarecer as informa\u00e7\u00f5es relacionadas \u00e0 mans\u00e3o da cantora localizada em Ananindeua, na regi\u00e3o metropolitana de Bel\u00e9m. O im\u00f3vel, que se tornou parte de uma disputa patrimonial entre a artista e o ex-marido, Ximbinha, permanece sob a posse do m\u00fasico. A situa\u00e7\u00e3o ganhou repercuss\u00e3o ap\u00f3s surgirem informa\u00e7\u00f5es sobre uma [\u2026]<\/p>\n","protected":false},"author":2,"featured_media":11114,"comment_status":"closed","ping_status":"open","sticky":false,"template":"","format":"standard","meta":{"footnotes":""},"categories":[3],"tags":[],"class_list":["post-11115","post","type-post","status-publish","format-standard","has-post-thumbnail","hentry","category-famosos"],"yoast_head":"<!-- This site is optimized with the Yoast SEO plugin v25.5 - https:\/\/yoast.com\/wordpress\/plugins\/seo\/ -->\n<title>Defesa de Joelma contesta valor de d\u00edvida e esclarece impasse envolvendo mans\u00e3o no Par\u00e1 - Portal do Estado<\/title>\n<meta name=\"robots\" content=\"index, follow, max-snippet:-1, max-image-preview:large, max-video-preview:-1\" \/>\n<link rel=\"canonical\" href=\"https:\/\/portaldoestado.com.br\/index.php\/2026\/09\/02\/defesa-de-joelma-contesta-valor-de-divida-e-esclarece-impasse-envolvendo-mansao-no-para\/\" \/>\n<meta property=\"og:locale\" content=\"pt_BR\" \/>\n<meta property=\"og:type\" content=\"article\" \/>\n<meta property=\"og:title\" content=\"Defesa de Joelma contesta valor de d\u00edvida e esclarece impasse envolvendo mans\u00e3o no Par\u00e1 - Portal do Estado\" \/>\n<meta property=\"og:description\" content=\"A defesa de Joelma se manifestou para esclarecer as informa\u00e7\u00f5es relacionadas \u00e0 mans\u00e3o da cantora localizada em Ananindeua, na regi\u00e3o metropolitana de Bel\u00e9m. O im\u00f3vel, que se tornou parte de uma disputa patrimonial entre a artista e o ex-marido, Ximbinha, permanece sob a posse do m\u00fasico. A situa\u00e7\u00e3o ganhou repercuss\u00e3o ap\u00f3s surgirem informa\u00e7\u00f5es sobre uma [\u2026]\" \/>\n<meta property=\"og:url\" content=\"https:\/\/portaldoestado.com.br\/index.php\/2026\/09\/02\/defesa-de-joelma-contesta-valor-de-divida-e-esclarece-impasse-envolvendo-mansao-no-para\/\" \/>\n<meta property=\"og:site_name\" content=\"Portal do Estado\" \/>\n<meta property=\"article:published_time\" content=\"2026-09-02T15:44:20+00:00\" \/>\n<meta property=\"og:image\" content=\"https:\/\/portaldoestado.com.br\/wp-content\/uploads\/2026\/09\/ximbinha-e-joelma-1709042724.webp\" \/>\n\t<meta property=\"og:image:width\" content=\"596\" \/>\n\t<meta property=\"og:image:height\" content=\"450\" \/>\n\t<meta property=\"og:image:type\" content=\"image\/webp\" \/>\n<meta name=\"author\" content=\"assessoriadefamosos\" \/>\n<meta name=\"twitter:card\" content=\"summary_large_image\" \/>\n<meta name=\"twitter:label1\" content=\"Escrito por\" \/>\n\t<meta name=\"twitter:data1\" content=\"assessoriadefamosos\" \/>\n\t<meta name=\"twitter:label2\" content=\"Est. tempo de leitura\" \/>\n\t<meta name=\"twitter:data2\" content=\"4 minutos\" \/>\n<script type=\"application\/ld+json\" class=\"yoast-schema-graph\">{\"@context\":\"https:\/\/schema.org\",\"@graph\":[{\"@type\":\"Article\",\"@id\":\"https:\/\/portaldoestado.com.br\/index.php\/2026\/09\/02\/defesa-de-joelma-contesta-valor-de-divida-e-esclarece-impasse-envolvendo-mansao-no-para\/#article\",\"isPartOf\":{\"@id\":\"https:\/\/portaldoestado.com.br\/index.php\/2026\/09\/02\/defesa-de-joelma-contesta-valor-de-divida-e-esclarece-impasse-envolvendo-mansao-no-para\/\"},\"author\":{\"name\":\"assessoriadefamosos\",\"@id\":\"https:\/\/portaldoestado.com.br\/#\/schema\/person\/5ca0174f3c8c84b59da62ea14b698cb9\"},\"headline\":\"Defesa de Joelma contesta valor de d\u00edvida e esclarece impasse envolvendo mans\u00e3o no Par\u00e1\",\"datePublished\":\"2026-09-02T15:44:20+00:00\",\"mainEntityOfPage\":{\"@id\":\"https:\/\/portaldoestado.com.br\/index.php\/2026\/09\/02\/defesa-de-joelma-contesta-valor-de-divida-e-esclarece-impasse-envolvendo-mansao-no-para\/\"},\"wordCount\":725,\"publisher\":{\"@id\":\"https:\/\/portaldoestado.com.br\/#organization\"},\"image\":{\"@id\":\"https:\/\/portaldoestado.com.br\/index.php\/2026\/09\/02\/defesa-de-joelma-contesta-valor-de-divida-e-esclarece-impasse-envolvendo-mansao-no-para\/#primaryimage\"},\"thumbnailUrl\":\"https:\/\/portaldoestado.com.br\/wp-content\/uploads\/2026\/09\/ximbinha-e-joelma-1709042724.webp\",\"articleSection\":[\"Famosos\"],\"inLanguage\":\"pt-BR\"},{\"@type\":\"WebPage\",\"@id\":\"https:\/\/portaldoestado.com.br\/index.php\/2026\/09\/02\/defesa-de-joelma-contesta-valor-de-divida-e-esclarece-impasse-envolvendo-mansao-no-para\/\",\"url\":\"https:\/\/portaldoestado.com.br\/index.php\/2026\/09\/02\/defesa-de-joelma-contesta-valor-de-divida-e-esclarece-impasse-envolvendo-mansao-no-para\/\",\"name\":\"Defesa de Joelma contesta valor de d\u00edvida e esclarece impasse envolvendo mans\u00e3o no Par\u00e1 - Portal do Estado\",\"isPartOf\":{\"@id\":\"https:\/\/portaldoestado.com.br\/#website\"},\"primaryImageOfPage\":{\"@id\":\"https:\/\/portaldoestado.com.br\/index.php\/2026\/09\/02\/defesa-de-joelma-contesta-valor-de-divida-e-esclarece-impasse-envolvendo-mansao-no-para\/#primaryimage\"},\"image\":{\"@id\":\"https:\/\/portaldoestado.com.br\/index.php\/2026\/09\/02\/defesa-de-joelma-contesta-valor-de-divida-e-esclarece-impasse-envolvendo-mansao-no-para\/#primaryimage\"},\"thumbnailUrl\":\"https:\/\/portaldoestado.com.br\/wp-content\/uploads\/2026\/09\/ximbinha-e-joelma-1709042724.webp\",\"datePublished\":\"2026-09-02T15:44:20+00:00\",\"breadcrumb\":{\"@id\":\"https:\/\/portaldoestado.com.br\/index.php\/2026\/09\/02\/defesa-de-joelma-contesta-valor-de-divida-e-esclarece-impasse-envolvendo-mansao-no-para\/#breadcrumb\"},\"inLanguage\":\"pt-BR\",\"potentialAction\":[{\"@type\":\"ReadAction\",\"target\":[\"https:\/\/portaldoestado.com.br\/index.php\/2026\/09\/02\/defesa-de-joelma-contesta-valor-de-divida-e-esclarece-impasse-envolvendo-mansao-no-para\/\"]}]},{\"@type\":\"ImageObject\",\"inLanguage\":\"pt-BR\",\"@id\":\"https:\/\/portaldoestado.com.br\/index.php\/2026\/09\/02\/defesa-de-joelma-contesta-valor-de-divida-e-esclarece-impasse-envolvendo-mansao-no-para\/#primaryimage\",\"url\":\"https:\/\/portaldoestado.com.br\/wp-content\/uploads\/2026\/09\/ximbinha-e-joelma-1709042724.webp\",\"contentUrl\":\"https:\/\/portaldoestado.com.br\/wp-content\/uploads\/2026\/09\/ximbinha-e-joelma-1709042724.webp\",\"width\":596,\"height\":450},{\"@type\":\"BreadcrumbList\",\"@id\":\"https:\/\/portaldoestado.com.br\/index.php\/2026\/09\/02\/defesa-de-joelma-contesta-valor-de-divida-e-esclarece-impasse-envolvendo-mansao-no-para\/#breadcrumb\",\"itemListElement\":[{\"@type\":\"ListItem\",\"position\":1,\"name\":\"In\u00edcio\",\"item\":\"https:\/\/portaldoestado.com.br\/\"},{\"@type\":\"ListItem\",\"position\":2,\"name\":\"Defesa de Joelma contesta valor de d\u00edvida e esclarece impasse envolvendo mans\u00e3o no Par\u00e1\"}]},{\"@type\":\"WebSite\",\"@id\":\"https:\/\/portaldoestado.com.br\/#website\",\"url\":\"https:\/\/portaldoestado.com.br\/\",\"name\":\"Portal do Estado\",\"description\":\"\",\"publisher\":{\"@id\":\"https:\/\/portaldoestado.com.br\/#organization\"},\"potentialAction\":[{\"@type\":\"SearchAction\",\"target\":{\"@type\":\"EntryPoint\",\"urlTemplate\":\"https:\/\/portaldoestado.com.br\/?s={search_term_string}\"},\"query-input\":{\"@type\":\"PropertyValueSpecification\",\"valueRequired\":true,\"valueName\":\"search_term_string\"}}],\"inLanguage\":\"pt-BR\"},{\"@type\":\"Organization\",\"@id\":\"https:\/\/portaldoestado.com.br\/#organization\",\"name\":\"Portal do Estado\",\"url\":\"https:\/\/portaldoestado.com.br\/\",\"logo\":{\"@type\":\"ImageObject\",\"inLanguage\":\"pt-BR\",\"@id\":\"https:\/\/portaldoestado.com.br\/#\/schema\/logo\/image\/\",\"url\":\"https:\/\/portaldoestado.com.br\/wp-content\/uploads\/2025\/04\/cropped-6f69b19a-6472-43bf-b1b3-e1910bbbd4e8.png\",\"contentUrl\":\"https:\/\/portaldoestado.com.br\/wp-content\/uploads\/2025\/04\/cropped-6f69b19a-6472-43bf-b1b3-e1910bbbd4e8.png\",\"width\":1024,\"height\":350,\"caption\":\"Portal do Estado\"},\"image\":{\"@id\":\"https:\/\/portaldoestado.com.br\/#\/schema\/logo\/image\/\"}},{\"@type\":\"Person\",\"@id\":\"https:\/\/portaldoestado.com.br\/#\/schema\/person\/5ca0174f3c8c84b59da62ea14b698cb9\",\"name\":\"assessoriadefamosos\",\"image\":{\"@type\":\"ImageObject\",\"inLanguage\":\"pt-BR\",\"@id\":\"https:\/\/portaldoestado.com.br\/#\/schema\/person\/image\/\",\"url\":\"https:\/\/secure.gravatar.com\/avatar\/a7acbdffcfbbae7240e59f47fe511ec5f5d8c252c779f0b8d9ab02a9e1d8c5ed?s=96&d=mm&r=g\",\"contentUrl\":\"https:\/\/secure.gravatar.com\/avatar\/a7acbdffcfbbae7240e59f47fe511ec5f5d8c252c779f0b8d9ab02a9e1d8c5ed?s=96&d=mm&r=g\",\"caption\":\"assessoriadefamosos\"},\"url\":\"https:\/\/portaldoestado.com.br\/index.php\/author\/assessoriadefamosos\/\"}]}<\/script>\n<!-- \/ Yoast SEO plugin. -->","yoast_head_json":{"title":"Defesa de Joelma contesta valor de d\u00edvida e esclarece impasse envolvendo mans\u00e3o no Par\u00e1 - Portal do Estado","robots":{"index":"index","follow":"follow","max-snippet":"max-snippet:-1","max-image-preview":"max-image-preview:large","max-video-preview":"max-video-preview:-1"},"canonical":"https:\/\/portaldoestado.com.br\/index.php\/2026\/09\/02\/defesa-de-joelma-contesta-valor-de-divida-e-esclarece-impasse-envolvendo-mansao-no-para\/","og_locale":"pt_BR","og_type":"article","og_title":"Defesa de Joelma contesta valor de d\u00edvida e esclarece impasse envolvendo mans\u00e3o no Par\u00e1 - Portal do Estado","og_description":"A defesa de Joelma se manifestou para esclarecer as informa\u00e7\u00f5es relacionadas \u00e0 mans\u00e3o da cantora localizada em Ananindeua, na regi\u00e3o metropolitana de Bel\u00e9m. O im\u00f3vel, que se tornou parte de uma disputa patrimonial entre a artista e o ex-marido, Ximbinha, permanece sob a posse do m\u00fasico. A situa\u00e7\u00e3o ganhou repercuss\u00e3o ap\u00f3s surgirem informa\u00e7\u00f5es sobre uma [\u2026]","og_url":"https:\/\/portaldoestado.com.br\/index.php\/2026\/09\/02\/defesa-de-joelma-contesta-valor-de-divida-e-esclarece-impasse-envolvendo-mansao-no-para\/","og_site_name":"Portal do Estado","article_published_time":"2026-09-02T15:44:20+00:00","og_image":[{"width":596,"height":450,"url":"https:\/\/portaldoestado.com.br\/wp-content\/uploads\/2026\/09\/ximbinha-e-joelma-1709042724.webp","type":"image\/webp"}],"author":"assessoriadefamosos","twitter_card":"summary_large_image","twitter_misc":{"Escrito por":"assessoriadefamosos","Est. tempo de leitura":"4 minutos"},"schema":{"@context":"https:\/\/schema.org","@graph":[{"@type":"Article","@id":"https:\/\/portaldoestado.com.br\/index.php\/2026\/09\/02\/defesa-de-joelma-contesta-valor-de-divida-e-esclarece-impasse-envolvendo-mansao-no-para\/#article","isPartOf":{"@id":"https:\/\/portaldoestado.com.br\/index.php\/2026\/09\/02\/defesa-de-joelma-contesta-valor-de-divida-e-esclarece-impasse-envolvendo-mansao-no-para\/"},"author":{"name":"assessoriadefamosos","@id":"https:\/\/portaldoestado.com.br\/#\/schema\/person\/5ca0174f3c8c84b59da62ea14b698cb9"},"headline":"Defesa de Joelma contesta valor de d\u00edvida e esclarece impasse envolvendo mans\u00e3o no Par\u00e1","datePublished":"2026-09-02T15:44:20+00:00","mainEntityOfPage":{"@id":"https:\/\/portaldoestado.com.br\/index.php\/2026\/09\/02\/defesa-de-joelma-contesta-valor-de-divida-e-esclarece-impasse-envolvendo-mansao-no-para\/"},"wordCount":725,"publisher":{"@id":"https:\/\/portaldoestado.com.br\/#organization"},"image":{"@id":"https:\/\/portaldoestado.com.br\/index.php\/2026\/09\/02\/defesa-de-joelma-contesta-valor-de-divida-e-esclarece-impasse-envolvendo-mansao-no-para\/#primaryimage"},"thumbnailUrl":"https:\/\/portaldoestado.com.br\/wp-content\/uploads\/2026\/09\/ximbinha-e-joelma-1709042724.webp","articleSection":["Famosos"],"inLanguage":"pt-BR"},{"@type":"WebPage","@id":"https:\/\/portaldoestado.com.br\/index.php\/2026\/09\/02\/defesa-de-joelma-contesta-valor-de-divida-e-esclarece-impasse-envolvendo-mansao-no-para\/","url":"https:\/\/portaldoestado.com.br\/index.php\/2026\/09\/02\/defesa-de-joelma-contesta-valor-de-divida-e-esclarece-impasse-envolvendo-mansao-no-para\/","name":"Defesa de Joelma contesta valor de d\u00edvida e esclarece impasse envolvendo mans\u00e3o no Par\u00e1 - Portal do Estado","isPartOf":{"@id":"https:\/\/portaldoestado.com.br\/#website"},"primaryImageOfPage":{"@id":"https:\/\/portaldoestado.com.br\/index.php\/2026\/09\/02\/defesa-de-joelma-contesta-valor-de-divida-e-esclarece-impasse-envolvendo-mansao-no-para\/#primaryimage"},"image":{"@id":"https:\/\/portaldoestado.com.br\/index.php\/2026\/09\/02\/defesa-de-joelma-contesta-valor-de-divida-e-esclarece-impasse-envolvendo-mansao-no-para\/#primaryimage"},"thumbnailUrl":"https:\/\/portaldoestado.com.br\/wp-content\/uploads\/2026\/09\/ximbinha-e-joelma-1709042724.webp","datePublished":"2026-09-02T15:44:20+00:00","breadcrumb":{"@id":"https:\/\/portaldoestado.com.br\/index.php\/2026\/09\/02\/defesa-de-joelma-contesta-valor-de-divida-e-esclarece-impasse-envolvendo-mansao-no-para\/#breadcrumb"},"inLanguage":"pt-BR","potentialAction":[{"@type":"ReadAction","target":["https:\/\/portaldoestado.com.br\/index.php\/2026\/09\/02\/defesa-de-joelma-contesta-valor-de-divida-e-esclarece-impasse-envolvendo-mansao-no-para\/"]}]},{"@type":"ImageObject","inLanguage":"pt-BR","@id":"https:\/\/portaldoestado.com.br\/index.php\/2026\/09\/02\/defesa-de-joelma-contesta-valor-de-divida-e-esclarece-impasse-envolvendo-mansao-no-para\/#primaryimage","url":"https:\/\/portaldoestado.com.br\/wp-content\/uploads\/2026\/09\/ximbinha-e-joelma-1709042724.webp","contentUrl":"https:\/\/portaldoestado.com.br\/wp-content\/uploads\/2026\/09\/ximbinha-e-joelma-1709042724.webp","width":596,"height":450},{"@type":"BreadcrumbList","@id":"https:\/\/portaldoestado.com.br\/index.php\/2026\/09\/02\/defesa-de-joelma-contesta-valor-de-divida-e-esclarece-impasse-envolvendo-mansao-no-para\/#breadcrumb","itemListElement":[{"@type":"ListItem","position":1,"name":"In\u00edcio","item":"https:\/\/portaldoestado.com.br\/"},{"@type":"ListItem","position":2,"name":"Defesa de Joelma contesta valor de d\u00edvida e esclarece impasse envolvendo mans\u00e3o no Par\u00e1"}]},{"@type":"WebSite","@id":"https:\/\/portaldoestado.com.br\/#website","url":"https:\/\/portaldoestado.com.br\/","name":"Portal do Estado","description":"","publisher":{"@id":"https:\/\/portaldoestado.com.br\/#organization"},"potentialAction":[{"@type":"SearchAction","target":{"@type":"EntryPoint","urlTemplate":"https:\/\/portaldoestado.com.br\/?s={search_term_string}"},"query-input":{"@type":"PropertyValueSpecification","valueRequired":true,"valueName":"search_term_string"}}],"inLanguage":"pt-BR"},{"@type":"Organization","@id":"https:\/\/portaldoestado.com.br\/#organization","name":"Portal do Estado","url":"https:\/\/portaldoestado.com.br\/","logo":{"@type":"ImageObject","inLanguage":"pt-BR","@id":"https:\/\/portaldoestado.com.br\/#\/schema\/logo\/image\/","url":"https:\/\/portaldoestado.com.br\/wp-content\/uploads\/2025\/04\/cropped-6f69b19a-6472-43bf-b1b3-e1910bbbd4e8.png","contentUrl":"https:\/\/portaldoestado.com.br\/wp-content\/uploads\/2025\/04\/cropped-6f69b19a-6472-43bf-b1b3-e1910bbbd4e8.png","width":1024,"height":350,"caption":"Portal do Estado"},"image":{"@id":"https:\/\/portaldoestado.com.br\/#\/schema\/logo\/image\/"}},{"@type":"Person","@id":"https:\/\/portaldoestado.com.br\/#\/schema\/person\/5ca0174f3c8c84b59da62ea14b698cb9","name":"assessoriadefamosos","image":{"@type":"ImageObject","inLanguage":"pt-BR","@id":"https:\/\/portaldoestado.com.br\/#\/schema\/person\/image\/","url":"https:\/\/secure.gravatar.com\/avatar\/a7acbdffcfbbae7240e59f47fe511ec5f5d8c252c779f0b8d9ab02a9e1d8c5ed?s=96&d=mm&r=g","contentUrl":"https:\/\/secure.gravatar.com\/avatar\/a7acbdffcfbbae7240e59f47fe511ec5f5d8c252c779f0b8d9ab02a9e1d8c5ed?s=96&d=mm&r=g","caption":"assessoriadefamosos"},"url":"https:\/\/portaldoestado.com.br\/index.php\/author\/assessoriadefamosos\/"}]}},"jetpack_featured_media_url":"https:\/\/portaldoestado.com.br\/wp-content\/uploads\/2026\/09\/ximbinha-e-joelma-1709042724.webp","_links":{"self":[{"href":"https:\/\/portaldoestado.com.br\/index.php\/wp-json\/wp\/v2\/posts\/11115","targetHints":{"allow":["GET"]}}],"collection":[{"href":"https:\/\/portaldoestado.com.br\/index.php\/wp-json\/wp\/v2\/posts"}],"about":[{"href":"https:\/\/portaldoestado.com.br\/index.php\/wp-json\/wp\/v2\/types\/post"}],"author":[{"embeddable":true,"href":"https:\/\/portaldoestado.com.br\/index.php\/wp-json\/wp\/v2\/users\/2"}],"replies":[{"embeddable":true,"href":"https:\/\/portaldoestado.com.br\/index.php\/wp-json\/wp\/v2\/comments?post=11115"}],"version-history":[{"count":1,"href":"https:\/\/portaldoestado.com.br\/index.php\/wp-json\/wp\/v2\/posts\/11115\/revisions"}],"predecessor-version":[{"id":11116,"href":"https:\/\/portaldoestado.com.br\/index.php\/wp-json\/wp\/v2\/posts\/11115\/revisions\/11116"}],"wp:featuredmedia":[{"embeddable":true,"href":"https:\/\/portaldoestado.com.br\/index.php\/wp-json\/wp\/v2\/media\/11114"}],"wp:attachment":[{"href":"https:\/\/portaldoestado.com.br\/index.php\/wp-json\/wp\/v2\/media?parent=11115"}],"wp:term":[{"taxonomy":"category","embeddable":true,"href":"https:\/\/portaldoestado.com.br\/index.php\/wp-json\/wp\/v2\/categories?post=11115"},{"taxonomy":"post_tag","embeddable":true,"href":"https:\/\/portaldoestado.com.br\/index.php\/wp-json\/wp\/v2\/tags?post=11115"}],"curies":[{"name":"wp","href":"https:\/\/api.w.org\/{rel}","templated":true}]}}