{"id":11109,"date":"2026-09-02T15:40:15","date_gmt":"2026-09-02T15:40:15","guid":{"rendered":"https:\/\/portaldoestado.com.br\/?p=11109"},"modified":"2026-09-02T15:40:15","modified_gmt":"2026-09-02T15:40:15","slug":"sabrina-sato-relembra-juventude-e-conta-que-perdeu-a-virgindade-apos-inicio-da-fama","status":"publish","type":"post","link":"https:\/\/portaldoestado.com.br\/index.php\/2026\/09\/02\/sabrina-sato-relembra-juventude-e-conta-que-perdeu-a-virgindade-apos-inicio-da-fama\/","title":{"rendered":"Sabrina Sato relembra juventude e conta que perdeu a virgindade ap\u00f3s in\u00edcio da fama"},"content":{"rendered":"<p>Sabrina Sato surpreendeu ao compartilhar detalhes sobre uma fase mais reservada de sua vida. Aos 45 anos, a apresentadora falou sobre a dificuldade que enfrentou para se envolver emocionalmente com outras pessoas e revelou que sua primeira experi\u00eancia sexual aconteceu quando ela j\u00e1 havia iniciado a trajet\u00f3ria que a levaria \u00e0 fama.<\/p>\n<p>A artista explicou que, desde muito jovem, costumava concentrar grande parte da aten\u00e7\u00e3o no trabalho. Segundo Sabrina, esse comportamento tinha rela\u00e7\u00e3o com o TDAH, diagn\u00f3stico que recebeu ainda na adolesc\u00eancia. O hiperfoco fazia com que determinados objetivos ocupassem praticamente todo o seu tempo e deixassem pouco espa\u00e7o para outras \u00e1reas da vida.<\/p>\n<p>Foi nesse contexto que os relacionamentos acabaram ficando em segundo plano. Sabrina contou que demorou para estabelecer conex\u00f5es afetivas e que n\u00e3o tinha a mesma disponibilidade emocional para viver romances que outras pessoas de sua idade.<\/p>\n<p>A apresentadora come\u00e7ou a carreira na televis\u00e3o aos 19 anos, quando passou a integrar o bal\u00e9 do programa do Faust\u00e3o, na Globo. A oportunidade foi importante para sua trajet\u00f3ria e abriu caminho para outras experi\u00eancias no entretenimento.<\/p>\n<p>Pouco tempo depois, Sabrina come\u00e7ou a ganhar mais visibilidade e passou a ser reconhecida pelo p\u00fablico. Foi justamente nesse per\u00edodo de ascens\u00e3o profissional que, segundo seu relato, aconteceu a primeira rela\u00e7\u00e3o sexual.<\/p>\n<p>Ao dizer que perdeu a virgindade quando j\u00e1 estava \u201cpraticamente famosa\u201d, Sabrina mostrou como sua vida pessoal seguiu um ritmo diferente da carreira. Enquanto profissionalmente ela avan\u00e7ava rapidamente, os relacionamentos e as experi\u00eancias afetivas aconteciam de maneira mais gradual.<\/p>\n<p>O relato tamb\u00e9m ajuda a compreender uma parte menos conhecida da personalidade da apresentadora. Conhecida atualmente pelo jeito extrovertido e pela facilidade para se comunicar, Sabrina revelou que, na juventude, estava muito mais concentrada em seus objetivos profissionais.<\/p>\n<p>O diagn\u00f3stico de TDAH trouxe novas respostas para algumas dessas caracter\u00edsticas. Sabrina explicou que o hiperfoco era uma presen\u00e7a marcante em sua rotina e fazia com que ela direcionasse energia quase total para aquilo que considerava importante naquele momento.<\/p>\n<p>A carreira acabou sendo justamente um desses focos. Depois do bal\u00e9 do Faust\u00e3o, a apresentadora ganhou espa\u00e7o em programas de televis\u00e3o e se tornou uma personalidade conhecida nacionalmente. A exposi\u00e7\u00e3o cresceu, mas sua vida \u00edntima continuou sendo constru\u00edda de maneira particular.<\/p>\n<p>A revela\u00e7\u00e3o sobre a virgindade tamb\u00e9m mostra que a fama n\u00e3o determinou o ritmo de sua vida afetiva. Mesmo j\u00e1 sendo conhecida pelo p\u00fablico, Sabrina ainda estava descobrindo como lidar com relacionamentos e com a pr\u00f3pria sexualidade.<\/p>\n<p>Com o passar dos anos, ela passou a viver outras experi\u00eancias amorosas e construiu uma trajet\u00f3ria pessoal t\u00e3o acompanhada quanto a profissional. Ainda assim, algumas hist\u00f3rias de sua juventude permaneceram pouco conhecidas at\u00e9 que a pr\u00f3pria apresentadora decidisse compartilh\u00e1-las.<\/p>\n<p>Ao falar sobre o assunto atualmente, Sabrina demonstra n\u00e3o ter vergonha de reconhecer que viveu determinadas etapas em um ritmo diferente. Para ela, o mais importante \u00e9 compreender as circunst\u00e2ncias que influenciaram suas escolhas e reconhecer que cada pessoa possui seu pr\u00f3prio tempo.<\/p>\n<p>A hist\u00f3ria tamb\u00e9m refor\u00e7a como o hiperfoco pode influenciar diferentes \u00e1reas da rotina de quem convive com TDAH. No caso da apresentadora, a concentra\u00e7\u00e3o intensa na carreira acabou ocupando um espa\u00e7o significativo durante uma fase em que muitas pessoas costumam priorizar experi\u00eancias amorosas e sociais.<\/p>\n<p>Hoje, Sabrina consegue olhar para aquele per\u00edodo com mais compreens\u00e3o. A menina que come\u00e7ou a trabalhar na televis\u00e3o aos 19 anos acabou construindo uma carreira de destaque, enquanto sua vida afetiva avan\u00e7ava em um ritmo pr\u00f3prio.<\/p>\n<p>A revela\u00e7\u00e3o sobre quando perdeu a virgindade \u00e9 apenas uma parte da hist\u00f3ria de uma mulher que precisou conciliar desde cedo as exig\u00eancias da fama com quest\u00f5es pessoais. Ao compartilhar a experi\u00eancia, Sabrina mostrou que, por tr\u00e1s da personalidade espont\u00e2nea conhecida pelo p\u00fablico, tamb\u00e9m existiu uma jovem extremamente focada no trabalho e que levou mais tempo para abrir espa\u00e7o para os relacionamentos.<\/p>\n<p><\/p>\n","protected":false},"excerpt":{"rendered":"<p>Sabrina Sato surpreendeu ao compartilhar detalhes sobre uma fase mais reservada de sua vida. Aos 45 anos, a apresentadora falou sobre a dificuldade que enfrentou para se envolver emocionalmente com outras pessoas e revelou que sua primeira experi\u00eancia sexual aconteceu quando ela j\u00e1 havia iniciado a trajet\u00f3ria que a levaria \u00e0 fama. A artista explicou [\u2026]<\/p>\n","protected":false},"author":2,"featured_media":11108,"comment_status":"closed","ping_status":"open","sticky":false,"template":"","format":"standard","meta":{"footnotes":""},"categories":[3],"tags":[],"class_list":["post-11109","post","type-post","status-publish","format-standard","has-post-thumbnail","hentry","category-famosos"],"yoast_head":"<!-- This site is optimized with the Yoast SEO plugin v25.5 - https:\/\/yoast.com\/wordpress\/plugins\/seo\/ -->\n<title>Sabrina Sato relembra juventude e conta que perdeu a virgindade ap\u00f3s in\u00edcio da fama - Portal do Estado<\/title>\n<meta name=\"robots\" content=\"index, follow, max-snippet:-1, max-image-preview:large, max-video-preview:-1\" \/>\n<link rel=\"canonical\" href=\"https:\/\/portaldoestado.com.br\/index.php\/2026\/09\/02\/sabrina-sato-relembra-juventude-e-conta-que-perdeu-a-virgindade-apos-inicio-da-fama\/\" \/>\n<meta property=\"og:locale\" content=\"pt_BR\" \/>\n<meta property=\"og:type\" content=\"article\" \/>\n<meta property=\"og:title\" content=\"Sabrina Sato relembra juventude e conta que perdeu a virgindade ap\u00f3s in\u00edcio da fama - Portal do Estado\" \/>\n<meta property=\"og:description\" content=\"Sabrina Sato surpreendeu ao compartilhar detalhes sobre uma fase mais reservada de sua vida. Aos 45 anos, a apresentadora falou sobre a dificuldade que enfrentou para se envolver emocionalmente com outras pessoas e revelou que sua primeira experi\u00eancia sexual aconteceu quando ela j\u00e1 havia iniciado a trajet\u00f3ria que a levaria \u00e0 fama. A artista explicou [\u2026]\" \/>\n<meta property=\"og:url\" content=\"https:\/\/portaldoestado.com.br\/index.php\/2026\/09\/02\/sabrina-sato-relembra-juventude-e-conta-que-perdeu-a-virgindade-apos-inicio-da-fama\/\" \/>\n<meta property=\"og:site_name\" content=\"Portal do Estado\" \/>\n<meta property=\"article:published_time\" content=\"2026-09-02T15:40:15+00:00\" \/>\n<meta property=\"og:image\" content=\"https:\/\/portaldoestado.com.br\/wp-content\/uploads\/2026\/09\/gsCnwQhI-Backup-capa-1-foto.png\" \/>\n\t<meta property=\"og:image:width\" content=\"1200\" \/>\n\t<meta property=\"og:image:height\" content=\"900\" \/>\n\t<meta property=\"og:image:type\" content=\"image\/png\" \/>\n<meta name=\"author\" content=\"assessoriadefamosos\" \/>\n<meta name=\"twitter:card\" content=\"summary_large_image\" \/>\n<meta name=\"twitter:label1\" content=\"Escrito por\" \/>\n\t<meta name=\"twitter:data1\" content=\"assessoriadefamosos\" \/>\n\t<meta name=\"twitter:label2\" content=\"Est. tempo de leitura\" \/>\n\t<meta name=\"twitter:data2\" content=\"3 minutos\" \/>\n<script type=\"application\/ld+json\" class=\"yoast-schema-graph\">{\"@context\":\"https:\/\/schema.org\",\"@graph\":[{\"@type\":\"Article\",\"@id\":\"https:\/\/portaldoestado.com.br\/index.php\/2026\/09\/02\/sabrina-sato-relembra-juventude-e-conta-que-perdeu-a-virgindade-apos-inicio-da-fama\/#article\",\"isPartOf\":{\"@id\":\"https:\/\/portaldoestado.com.br\/index.php\/2026\/09\/02\/sabrina-sato-relembra-juventude-e-conta-que-perdeu-a-virgindade-apos-inicio-da-fama\/\"},\"author\":{\"name\":\"assessoriadefamosos\",\"@id\":\"https:\/\/portaldoestado.com.br\/#\/schema\/person\/5ca0174f3c8c84b59da62ea14b698cb9\"},\"headline\":\"Sabrina Sato relembra juventude e conta que perdeu a virgindade ap\u00f3s in\u00edcio da fama\",\"datePublished\":\"2026-09-02T15:40:15+00:00\",\"mainEntityOfPage\":{\"@id\":\"https:\/\/portaldoestado.com.br\/index.php\/2026\/09\/02\/sabrina-sato-relembra-juventude-e-conta-que-perdeu-a-virgindade-apos-inicio-da-fama\/\"},\"wordCount\":704,\"publisher\":{\"@id\":\"https:\/\/portaldoestado.com.br\/#organization\"},\"image\":{\"@id\":\"https:\/\/portaldoestado.com.br\/index.php\/2026\/09\/02\/sabrina-sato-relembra-juventude-e-conta-que-perdeu-a-virgindade-apos-inicio-da-fama\/#primaryimage\"},\"thumbnailUrl\":\"https:\/\/portaldoestado.com.br\/wp-content\/uploads\/2026\/09\/gsCnwQhI-Backup-capa-1-foto.png\",\"articleSection\":[\"Famosos\"],\"inLanguage\":\"pt-BR\"},{\"@type\":\"WebPage\",\"@id\":\"https:\/\/portaldoestado.com.br\/index.php\/2026\/09\/02\/sabrina-sato-relembra-juventude-e-conta-que-perdeu-a-virgindade-apos-inicio-da-fama\/\",\"url\":\"https:\/\/portaldoestado.com.br\/index.php\/2026\/09\/02\/sabrina-sato-relembra-juventude-e-conta-que-perdeu-a-virgindade-apos-inicio-da-fama\/\",\"name\":\"Sabrina Sato relembra juventude e conta que perdeu a virgindade ap\u00f3s in\u00edcio da fama - Portal do Estado\",\"isPartOf\":{\"@id\":\"https:\/\/portaldoestado.com.br\/#website\"},\"primaryImageOfPage\":{\"@id\":\"https:\/\/portaldoestado.com.br\/index.php\/2026\/09\/02\/sabrina-sato-relembra-juventude-e-conta-que-perdeu-a-virgindade-apos-inicio-da-fama\/#primaryimage\"},\"image\":{\"@id\":\"https:\/\/portaldoestado.com.br\/index.php\/2026\/09\/02\/sabrina-sato-relembra-juventude-e-conta-que-perdeu-a-virgindade-apos-inicio-da-fama\/#primaryimage\"},\"thumbnailUrl\":\"https:\/\/portaldoestado.com.br\/wp-content\/uploads\/2026\/09\/gsCnwQhI-Backup-capa-1-foto.png\",\"datePublished\":\"2026-09-02T15:40:15+00:00\",\"breadcrumb\":{\"@id\":\"https:\/\/portaldoestado.com.br\/index.php\/2026\/09\/02\/sabrina-sato-relembra-juventude-e-conta-que-perdeu-a-virgindade-apos-inicio-da-fama\/#breadcrumb\"},\"inLanguage\":\"pt-BR\",\"potentialAction\":[{\"@type\":\"ReadAction\",\"target\":[\"https:\/\/portaldoestado.com.br\/index.php\/2026\/09\/02\/sabrina-sato-relembra-juventude-e-conta-que-perdeu-a-virgindade-apos-inicio-da-fama\/\"]}]},{\"@type\":\"ImageObject\",\"inLanguage\":\"pt-BR\",\"@id\":\"https:\/\/portaldoestado.com.br\/index.php\/2026\/09\/02\/sabrina-sato-relembra-juventude-e-conta-que-perdeu-a-virgindade-apos-inicio-da-fama\/#primaryimage\",\"url\":\"https:\/\/portaldoestado.com.br\/wp-content\/uploads\/2026\/09\/gsCnwQhI-Backup-capa-1-foto.png\",\"contentUrl\":\"https:\/\/portaldoestado.com.br\/wp-content\/uploads\/2026\/09\/gsCnwQhI-Backup-capa-1-foto.png\",\"width\":1200,\"height\":900},{\"@type\":\"BreadcrumbList\",\"@id\":\"https:\/\/portaldoestado.com.br\/index.php\/2026\/09\/02\/sabrina-sato-relembra-juventude-e-conta-que-perdeu-a-virgindade-apos-inicio-da-fama\/#breadcrumb\",\"itemListElement\":[{\"@type\":\"ListItem\",\"position\":1,\"name\":\"In\u00edcio\",\"item\":\"https:\/\/portaldoestado.com.br\/\"},{\"@type\":\"ListItem\",\"position\":2,\"name\":\"Sabrina Sato relembra juventude e conta que perdeu a virgindade ap\u00f3s in\u00edcio da fama\"}]},{\"@type\":\"WebSite\",\"@id\":\"https:\/\/portaldoestado.com.br\/#website\",\"url\":\"https:\/\/portaldoestado.com.br\/\",\"name\":\"Portal do Estado\",\"description\":\"\",\"publisher\":{\"@id\":\"https:\/\/portaldoestado.com.br\/#organization\"},\"potentialAction\":[{\"@type\":\"SearchAction\",\"target\":{\"@type\":\"EntryPoint\",\"urlTemplate\":\"https:\/\/portaldoestado.com.br\/?s={search_term_string}\"},\"query-input\":{\"@type\":\"PropertyValueSpecification\",\"valueRequired\":true,\"valueName\":\"search_term_string\"}}],\"inLanguage\":\"pt-BR\"},{\"@type\":\"Organization\",\"@id\":\"https:\/\/portaldoestado.com.br\/#organization\",\"name\":\"Portal do Estado\",\"url\":\"https:\/\/portaldoestado.com.br\/\",\"logo\":{\"@type\":\"ImageObject\",\"inLanguage\":\"pt-BR\",\"@id\":\"https:\/\/portaldoestado.com.br\/#\/schema\/logo\/image\/\",\"url\":\"https:\/\/portaldoestado.com.br\/wp-content\/uploads\/2025\/04\/cropped-6f69b19a-6472-43bf-b1b3-e1910bbbd4e8.png\",\"contentUrl\":\"https:\/\/portaldoestado.com.br\/wp-content\/uploads\/2025\/04\/cropped-6f69b19a-6472-43bf-b1b3-e1910bbbd4e8.png\",\"width\":1024,\"height\":350,\"caption\":\"Portal do Estado\"},\"image\":{\"@id\":\"https:\/\/portaldoestado.com.br\/#\/schema\/logo\/image\/\"}},{\"@type\":\"Person\",\"@id\":\"https:\/\/portaldoestado.com.br\/#\/schema\/person\/5ca0174f3c8c84b59da62ea14b698cb9\",\"name\":\"assessoriadefamosos\",\"image\":{\"@type\":\"ImageObject\",\"inLanguage\":\"pt-BR\",\"@id\":\"https:\/\/portaldoestado.com.br\/#\/schema\/person\/image\/\",\"url\":\"https:\/\/secure.gravatar.com\/avatar\/a7acbdffcfbbae7240e59f47fe511ec5f5d8c252c779f0b8d9ab02a9e1d8c5ed?s=96&d=mm&r=g\",\"contentUrl\":\"https:\/\/secure.gravatar.com\/avatar\/a7acbdffcfbbae7240e59f47fe511ec5f5d8c252c779f0b8d9ab02a9e1d8c5ed?s=96&d=mm&r=g\",\"caption\":\"assessoriadefamosos\"},\"url\":\"https:\/\/portaldoestado.com.br\/index.php\/author\/assessoriadefamosos\/\"}]}<\/script>\n<!-- \/ Yoast SEO plugin. -->","yoast_head_json":{"title":"Sabrina Sato relembra juventude e conta que perdeu a virgindade ap\u00f3s in\u00edcio da fama - Portal do Estado","robots":{"index":"index","follow":"follow","max-snippet":"max-snippet:-1","max-image-preview":"max-image-preview:large","max-video-preview":"max-video-preview:-1"},"canonical":"https:\/\/portaldoestado.com.br\/index.php\/2026\/09\/02\/sabrina-sato-relembra-juventude-e-conta-que-perdeu-a-virgindade-apos-inicio-da-fama\/","og_locale":"pt_BR","og_type":"article","og_title":"Sabrina Sato relembra juventude e conta que perdeu a virgindade ap\u00f3s in\u00edcio da fama - Portal do Estado","og_description":"Sabrina Sato surpreendeu ao compartilhar detalhes sobre uma fase mais reservada de sua vida. Aos 45 anos, a apresentadora falou sobre a dificuldade que enfrentou para se envolver emocionalmente com outras pessoas e revelou que sua primeira experi\u00eancia sexual aconteceu quando ela j\u00e1 havia iniciado a trajet\u00f3ria que a levaria \u00e0 fama. A artista explicou [\u2026]","og_url":"https:\/\/portaldoestado.com.br\/index.php\/2026\/09\/02\/sabrina-sato-relembra-juventude-e-conta-que-perdeu-a-virgindade-apos-inicio-da-fama\/","og_site_name":"Portal do Estado","article_published_time":"2026-09-02T15:40:15+00:00","og_image":[{"width":1200,"height":900,"url":"https:\/\/portaldoestado.com.br\/wp-content\/uploads\/2026\/09\/gsCnwQhI-Backup-capa-1-foto.png","type":"image\/png"}],"author":"assessoriadefamosos","twitter_card":"summary_large_image","twitter_misc":{"Escrito por":"assessoriadefamosos","Est. tempo de leitura":"3 minutos"},"schema":{"@context":"https:\/\/schema.org","@graph":[{"@type":"Article","@id":"https:\/\/portaldoestado.com.br\/index.php\/2026\/09\/02\/sabrina-sato-relembra-juventude-e-conta-que-perdeu-a-virgindade-apos-inicio-da-fama\/#article","isPartOf":{"@id":"https:\/\/portaldoestado.com.br\/index.php\/2026\/09\/02\/sabrina-sato-relembra-juventude-e-conta-que-perdeu-a-virgindade-apos-inicio-da-fama\/"},"author":{"name":"assessoriadefamosos","@id":"https:\/\/portaldoestado.com.br\/#\/schema\/person\/5ca0174f3c8c84b59da62ea14b698cb9"},"headline":"Sabrina Sato relembra juventude e conta que perdeu a virgindade ap\u00f3s in\u00edcio da fama","datePublished":"2026-09-02T15:40:15+00:00","mainEntityOfPage":{"@id":"https:\/\/portaldoestado.com.br\/index.php\/2026\/09\/02\/sabrina-sato-relembra-juventude-e-conta-que-perdeu-a-virgindade-apos-inicio-da-fama\/"},"wordCount":704,"publisher":{"@id":"https:\/\/portaldoestado.com.br\/#organization"},"image":{"@id":"https:\/\/portaldoestado.com.br\/index.php\/2026\/09\/02\/sabrina-sato-relembra-juventude-e-conta-que-perdeu-a-virgindade-apos-inicio-da-fama\/#primaryimage"},"thumbnailUrl":"https:\/\/portaldoestado.com.br\/wp-content\/uploads\/2026\/09\/gsCnwQhI-Backup-capa-1-foto.png","articleSection":["Famosos"],"inLanguage":"pt-BR"},{"@type":"WebPage","@id":"https:\/\/portaldoestado.com.br\/index.php\/2026\/09\/02\/sabrina-sato-relembra-juventude-e-conta-que-perdeu-a-virgindade-apos-inicio-da-fama\/","url":"https:\/\/portaldoestado.com.br\/index.php\/2026\/09\/02\/sabrina-sato-relembra-juventude-e-conta-que-perdeu-a-virgindade-apos-inicio-da-fama\/","name":"Sabrina Sato relembra juventude e conta que perdeu a virgindade ap\u00f3s in\u00edcio da fama - Portal do Estado","isPartOf":{"@id":"https:\/\/portaldoestado.com.br\/#website"},"primaryImageOfPage":{"@id":"https:\/\/portaldoestado.com.br\/index.php\/2026\/09\/02\/sabrina-sato-relembra-juventude-e-conta-que-perdeu-a-virgindade-apos-inicio-da-fama\/#primaryimage"},"image":{"@id":"https:\/\/portaldoestado.com.br\/index.php\/2026\/09\/02\/sabrina-sato-relembra-juventude-e-conta-que-perdeu-a-virgindade-apos-inicio-da-fama\/#primaryimage"},"thumbnailUrl":"https:\/\/portaldoestado.com.br\/wp-content\/uploads\/2026\/09\/gsCnwQhI-Backup-capa-1-foto.png","datePublished":"2026-09-02T15:40:15+00:00","breadcrumb":{"@id":"https:\/\/portaldoestado.com.br\/index.php\/2026\/09\/02\/sabrina-sato-relembra-juventude-e-conta-que-perdeu-a-virgindade-apos-inicio-da-fama\/#breadcrumb"},"inLanguage":"pt-BR","potentialAction":[{"@type":"ReadAction","target":["https:\/\/portaldoestado.com.br\/index.php\/2026\/09\/02\/sabrina-sato-relembra-juventude-e-conta-que-perdeu-a-virgindade-apos-inicio-da-fama\/"]}]},{"@type":"ImageObject","inLanguage":"pt-BR","@id":"https:\/\/portaldoestado.com.br\/index.php\/2026\/09\/02\/sabrina-sato-relembra-juventude-e-conta-que-perdeu-a-virgindade-apos-inicio-da-fama\/#primaryimage","url":"https:\/\/portaldoestado.com.br\/wp-content\/uploads\/2026\/09\/gsCnwQhI-Backup-capa-1-foto.png","contentUrl":"https:\/\/portaldoestado.com.br\/wp-content\/uploads\/2026\/09\/gsCnwQhI-Backup-capa-1-foto.png","width":1200,"height":900},{"@type":"BreadcrumbList","@id":"https:\/\/portaldoestado.com.br\/index.php\/2026\/09\/02\/sabrina-sato-relembra-juventude-e-conta-que-perdeu-a-virgindade-apos-inicio-da-fama\/#breadcrumb","itemListElement":[{"@type":"ListItem","position":1,"name":"In\u00edcio","item":"https:\/\/portaldoestado.com.br\/"},{"@type":"ListItem","position":2,"name":"Sabrina Sato relembra juventude e conta que perdeu a virgindade ap\u00f3s in\u00edcio da fama"}]},{"@type":"WebSite","@id":"https:\/\/portaldoestado.com.br\/#website","url":"https:\/\/portaldoestado.com.br\/","name":"Portal do Estado","description":"","publisher":{"@id":"https:\/\/portaldoestado.com.br\/#organization"},"potentialAction":[{"@type":"SearchAction","target":{"@type":"EntryPoint","urlTemplate":"https:\/\/portaldoestado.com.br\/?s={search_term_string}"},"query-input":{"@type":"PropertyValueSpecification","valueRequired":true,"valueName":"search_term_string"}}],"inLanguage":"pt-BR"},{"@type":"Organization","@id":"https:\/\/portaldoestado.com.br\/#organization","name":"Portal do Estado","url":"https:\/\/portaldoestado.com.br\/","logo":{"@type":"ImageObject","inLanguage":"pt-BR","@id":"https:\/\/portaldoestado.com.br\/#\/schema\/logo\/image\/","url":"https:\/\/portaldoestado.com.br\/wp-content\/uploads\/2025\/04\/cropped-6f69b19a-6472-43bf-b1b3-e1910bbbd4e8.png","contentUrl":"https:\/\/portaldoestado.com.br\/wp-content\/uploads\/2025\/04\/cropped-6f69b19a-6472-43bf-b1b3-e1910bbbd4e8.png","width":1024,"height":350,"caption":"Portal do Estado"},"image":{"@id":"https:\/\/portaldoestado.com.br\/#\/schema\/logo\/image\/"}},{"@type":"Person","@id":"https:\/\/portaldoestado.com.br\/#\/schema\/person\/5ca0174f3c8c84b59da62ea14b698cb9","name":"assessoriadefamosos","image":{"@type":"ImageObject","inLanguage":"pt-BR","@id":"https:\/\/portaldoestado.com.br\/#\/schema\/person\/image\/","url":"https:\/\/secure.gravatar.com\/avatar\/a7acbdffcfbbae7240e59f47fe511ec5f5d8c252c779f0b8d9ab02a9e1d8c5ed?s=96&d=mm&r=g","contentUrl":"https:\/\/secure.gravatar.com\/avatar\/a7acbdffcfbbae7240e59f47fe511ec5f5d8c252c779f0b8d9ab02a9e1d8c5ed?s=96&d=mm&r=g","caption":"assessoriadefamosos"},"url":"https:\/\/portaldoestado.com.br\/index.php\/author\/assessoriadefamosos\/"}]}},"jetpack_featured_media_url":"https:\/\/portaldoestado.com.br\/wp-content\/uploads\/2026\/09\/gsCnwQhI-Backup-capa-1-foto.png","_links":{"self":[{"href":"https:\/\/portaldoestado.com.br\/index.php\/wp-json\/wp\/v2\/posts\/11109","targetHints":{"allow":["GET"]}}],"collection":[{"href":"https:\/\/portaldoestado.com.br\/index.php\/wp-json\/wp\/v2\/posts"}],"about":[{"href":"https:\/\/portaldoestado.com.br\/index.php\/wp-json\/wp\/v2\/types\/post"}],"author":[{"embeddable":true,"href":"https:\/\/portaldoestado.com.br\/index.php\/wp-json\/wp\/v2\/users\/2"}],"replies":[{"embeddable":true,"href":"https:\/\/portaldoestado.com.br\/index.php\/wp-json\/wp\/v2\/comments?post=11109"}],"version-history":[{"count":1,"href":"https:\/\/portaldoestado.com.br\/index.php\/wp-json\/wp\/v2\/posts\/11109\/revisions"}],"predecessor-version":[{"id":11110,"href":"https:\/\/portaldoestado.com.br\/index.php\/wp-json\/wp\/v2\/posts\/11109\/revisions\/11110"}],"wp:featuredmedia":[{"embeddable":true,"href":"https:\/\/portaldoestado.com.br\/index.php\/wp-json\/wp\/v2\/media\/11108"}],"wp:attachment":[{"href":"https:\/\/portaldoestado.com.br\/index.php\/wp-json\/wp\/v2\/media?parent=11109"}],"wp:term":[{"taxonomy":"category","embeddable":true,"href":"https:\/\/portaldoestado.com.br\/index.php\/wp-json\/wp\/v2\/categories?post=11109"},{"taxonomy":"post_tag","embeddable":true,"href":"https:\/\/portaldoestado.com.br\/index.php\/wp-json\/wp\/v2\/tags?post=11109"}],"curies":[{"name":"wp","href":"https:\/\/api.w.org\/{rel}","templated":true}]}}