{"id":11100,"date":"2026-09-02T15:26:44","date_gmt":"2026-09-02T15:26:44","guid":{"rendered":"https:\/\/portaldoestado.com.br\/?p=11100"},"modified":"2026-09-02T15:26:44","modified_gmt":"2026-09-02T15:26:44","slug":"marina-ruy-barbosa-revela-bastidores-de-decisao-que-gerou-polemica-em-amor-a-vida","status":"publish","type":"post","link":"https:\/\/portaldoestado.com.br\/index.php\/2026\/09\/02\/marina-ruy-barbosa-revela-bastidores-de-decisao-que-gerou-polemica-em-amor-a-vida\/","title":{"rendered":"Marina Ruy Barbosa revela bastidores de decis\u00e3o que gerou pol\u00eamica em \u201cAmor \u00e0 Vida\u201d"},"content":{"rendered":"<p>Marina Ruy Barbosa voltou a comentar uma situa\u00e7\u00e3o que marcou sua carreira e provocou intensa discuss\u00e3o entre o p\u00fablico na \u00e9poca. Em entrevista ao podcast \u201cPod I\u201d, da GloboNews, a atriz relembrou os bastidores de \u201cAmor \u00e0 Vida\u201d, novela exibida pela Globo em 2013, e explicou por que decidiu n\u00e3o raspar os cabelos para viver a personagem Nicole Assis.<\/p>\n<p>Mais de uma d\u00e9cada depois da novela, Marina contou que a decis\u00e3o n\u00e3o foi tomada simplesmente por uma quest\u00e3o de vaidade. Na \u00e9poca, ela tinha apenas 17 anos e se viu diante de uma situa\u00e7\u00e3o profissional que ganhou propor\u00e7\u00f5es maiores do que imaginava. A atriz revelou que chegou a ficar preocupada com a possibilidade de sua escolha trazer consequ\u00eancias para sua trajet\u00f3ria na televis\u00e3o.<\/p>\n<p>Nicole era uma jovem que enfrentava um c\u00e2ncer dentro da hist\u00f3ria. Por conta do tratamento, a personagem perderia os cabelos, e a possibilidade de Marina passar pela transforma\u00e7\u00e3o f\u00edsica se tornou um dos assuntos mais comentados durante a prepara\u00e7\u00e3o para a trama.<\/p>\n<p>A expectativa era de que a atriz realmente raspasse a cabe\u00e7a para representar a personagem. Entretanto, Marina n\u00e3o concordou com a mudan\u00e7a e buscou conversar com a emissora antes de definir o que seria feito. Segundo ela, houve di\u00e1logo com a Globo para encontrar uma alternativa para a caracteriza\u00e7\u00e3o de Nicole.<\/p>\n<p>O epis\u00f3dio acabou provocando diferentes rea\u00e7\u00f5es. Parte do p\u00fablico criticou a decis\u00e3o da atriz, enquanto outros passaram a discutir os limites das transforma\u00e7\u00f5es exigidas de artistas para determinados trabalhos. Marina, ainda muito jovem, precisou lidar com a exposi\u00e7\u00e3o e com os coment\u00e1rios enquanto tamb\u00e9m tentava seguir normalmente com as grava\u00e7\u00f5es.<\/p>\n<p>Em retrospectiva, a atriz deixou claro que a situa\u00e7\u00e3o foi muito mais complexa do que a imagem criada na \u00e9poca. A decis\u00e3o envolveu uma conversa profissional com a emissora e tamb\u00e9m o fato de Marina ainda estar no in\u00edcio da vida adulta, diante de uma escolha que poderia alterar completamente sua apar\u00eancia.<\/p>\n<p>A repercuss\u00e3o tamb\u00e9m fez com que a atriz passasse a ser questionada diversas vezes sobre o assunto ao longo dos anos. Com o tempo, por\u00e9m, Marina conseguiu deixar aquela fase para tr\u00e1s e seguir construindo sua carreira.<\/p>\n<p>A participa\u00e7\u00e3o em \u201cAmor \u00e0 Vida\u201d aconteceu quando Marina j\u00e1 era conhecida do p\u00fablico, mas ainda tinha muitos anos de trajet\u00f3ria pela frente. Depois da novela, ela continuou acumulando personagens importantes e ampliou sua atua\u00e7\u00e3o para outros projetos no audiovisual e no mundo da moda.<\/p>\n<p>Durante a conversa com Andr\u00e9ia Sadi, a atriz tamb\u00e9m refletiu sobre como enxergava aquela situa\u00e7\u00e3o quando tinha 17 anos. O medo de que a decis\u00e3o pudesse prejudicar sua carreira fazia parte das preocupa\u00e7\u00f5es daquele momento, principalmente diante da enorme repercuss\u00e3o que o caso alcan\u00e7ou.<\/p>\n<p>Hoje, com uma carreira consolidada e mais experi\u00eancia profissional, Marina consegue falar sobre o epis\u00f3dio com uma vis\u00e3o diferente. A hist\u00f3ria continua sendo lembrada como uma das grandes pol\u00eamicas de sua trajet\u00f3ria, mas a atriz refor\u00e7a que sua decis\u00e3o foi tomada dentro de um contexto profissional e ap\u00f3s conversas com a emissora.<\/p>\n<p>A declara\u00e7\u00e3o ajuda a recuperar os bastidores de uma discuss\u00e3o que ultrapassou a pr\u00f3pria novela. Mais de dez anos depois, Marina Ruy Barbosa esclareceu que a escolha de n\u00e3o raspar os cabelos para \u201cAmor \u00e0 Vida\u201d envolveu fatores que iam muito al\u00e9m de uma simples preocupa\u00e7\u00e3o com a apar\u00eancia.<\/p>\n<p><\/p>\n","protected":false},"excerpt":{"rendered":"<p>Marina Ruy Barbosa voltou a comentar uma situa\u00e7\u00e3o que marcou sua carreira e provocou intensa discuss\u00e3o entre o p\u00fablico na \u00e9poca. Em entrevista ao podcast \u201cPod I\u201d, da GloboNews, a atriz relembrou os bastidores de \u201cAmor \u00e0 Vida\u201d, novela exibida pela Globo em 2013, e explicou por que decidiu n\u00e3o raspar os cabelos para viver [\u2026]<\/p>\n","protected":false},"author":2,"featured_media":11099,"comment_status":"closed","ping_status":"open","sticky":false,"template":"","format":"standard","meta":{"footnotes":""},"categories":[3],"tags":[],"class_list":["post-11100","post","type-post","status-publish","format-standard","has-post-thumbnail","hentry","category-famosos"],"yoast_head":"<!-- This site is optimized with the Yoast SEO plugin v25.5 - https:\/\/yoast.com\/wordpress\/plugins\/seo\/ -->\n<title>Marina Ruy Barbosa revela bastidores de decis\u00e3o que gerou pol\u00eamica em \u201cAmor \u00e0 Vida\u201d - Portal do Estado<\/title>\n<meta name=\"robots\" content=\"index, follow, max-snippet:-1, max-image-preview:large, max-video-preview:-1\" \/>\n<link rel=\"canonical\" href=\"https:\/\/portaldoestado.com.br\/index.php\/2026\/09\/02\/marina-ruy-barbosa-revela-bastidores-de-decisao-que-gerou-polemica-em-amor-a-vida\/\" \/>\n<meta property=\"og:locale\" content=\"pt_BR\" \/>\n<meta property=\"og:type\" content=\"article\" \/>\n<meta property=\"og:title\" content=\"Marina Ruy Barbosa revela bastidores de decis\u00e3o que gerou pol\u00eamica em \u201cAmor \u00e0 Vida\u201d - Portal do Estado\" \/>\n<meta property=\"og:description\" content=\"Marina Ruy Barbosa voltou a comentar uma situa\u00e7\u00e3o que marcou sua carreira e provocou intensa discuss\u00e3o entre o p\u00fablico na \u00e9poca. Em entrevista ao podcast \u201cPod I\u201d, da GloboNews, a atriz relembrou os bastidores de \u201cAmor \u00e0 Vida\u201d, novela exibida pela Globo em 2013, e explicou por que decidiu n\u00e3o raspar os cabelos para viver [\u2026]\" \/>\n<meta property=\"og:url\" content=\"https:\/\/portaldoestado.com.br\/index.php\/2026\/09\/02\/marina-ruy-barbosa-revela-bastidores-de-decisao-que-gerou-polemica-em-amor-a-vida\/\" \/>\n<meta property=\"og:site_name\" content=\"Portal do Estado\" \/>\n<meta property=\"article:published_time\" content=\"2026-09-02T15:26:44+00:00\" \/>\n<meta property=\"og:image\" content=\"https:\/\/portaldoestado.com.br\/wp-content\/uploads\/2026\/09\/WhatsApp-Image-2026-09-01-at-10.13.32-1.jpeg\" \/>\n\t<meta property=\"og:image:width\" content=\"1600\" \/>\n\t<meta property=\"og:image:height\" content=\"1200\" \/>\n\t<meta property=\"og:image:type\" content=\"image\/jpeg\" \/>\n<meta name=\"author\" content=\"assessoriadefamosos\" \/>\n<meta name=\"twitter:card\" content=\"summary_large_image\" \/>\n<meta name=\"twitter:label1\" content=\"Escrito por\" \/>\n\t<meta name=\"twitter:data1\" content=\"assessoriadefamosos\" \/>\n\t<meta name=\"twitter:label2\" content=\"Est. tempo de leitura\" \/>\n\t<meta name=\"twitter:data2\" content=\"3 minutos\" \/>\n<script type=\"application\/ld+json\" class=\"yoast-schema-graph\">{\"@context\":\"https:\/\/schema.org\",\"@graph\":[{\"@type\":\"Article\",\"@id\":\"https:\/\/portaldoestado.com.br\/index.php\/2026\/09\/02\/marina-ruy-barbosa-revela-bastidores-de-decisao-que-gerou-polemica-em-amor-a-vida\/#article\",\"isPartOf\":{\"@id\":\"https:\/\/portaldoestado.com.br\/index.php\/2026\/09\/02\/marina-ruy-barbosa-revela-bastidores-de-decisao-que-gerou-polemica-em-amor-a-vida\/\"},\"author\":{\"name\":\"assessoriadefamosos\",\"@id\":\"https:\/\/portaldoestado.com.br\/#\/schema\/person\/5ca0174f3c8c84b59da62ea14b698cb9\"},\"headline\":\"Marina Ruy Barbosa revela bastidores de decis\u00e3o que gerou pol\u00eamica em \u201cAmor \u00e0 Vida\u201d\",\"datePublished\":\"2026-09-02T15:26:44+00:00\",\"mainEntityOfPage\":{\"@id\":\"https:\/\/portaldoestado.com.br\/index.php\/2026\/09\/02\/marina-ruy-barbosa-revela-bastidores-de-decisao-que-gerou-polemica-em-amor-a-vida\/\"},\"wordCount\":622,\"publisher\":{\"@id\":\"https:\/\/portaldoestado.com.br\/#organization\"},\"image\":{\"@id\":\"https:\/\/portaldoestado.com.br\/index.php\/2026\/09\/02\/marina-ruy-barbosa-revela-bastidores-de-decisao-que-gerou-polemica-em-amor-a-vida\/#primaryimage\"},\"thumbnailUrl\":\"https:\/\/portaldoestado.com.br\/wp-content\/uploads\/2026\/09\/WhatsApp-Image-2026-09-01-at-10.13.32-1.jpeg\",\"articleSection\":[\"Famosos\"],\"inLanguage\":\"pt-BR\"},{\"@type\":\"WebPage\",\"@id\":\"https:\/\/portaldoestado.com.br\/index.php\/2026\/09\/02\/marina-ruy-barbosa-revela-bastidores-de-decisao-que-gerou-polemica-em-amor-a-vida\/\",\"url\":\"https:\/\/portaldoestado.com.br\/index.php\/2026\/09\/02\/marina-ruy-barbosa-revela-bastidores-de-decisao-que-gerou-polemica-em-amor-a-vida\/\",\"name\":\"Marina Ruy Barbosa revela bastidores de decis\u00e3o que gerou pol\u00eamica em \u201cAmor \u00e0 Vida\u201d - Portal do Estado\",\"isPartOf\":{\"@id\":\"https:\/\/portaldoestado.com.br\/#website\"},\"primaryImageOfPage\":{\"@id\":\"https:\/\/portaldoestado.com.br\/index.php\/2026\/09\/02\/marina-ruy-barbosa-revela-bastidores-de-decisao-que-gerou-polemica-em-amor-a-vida\/#primaryimage\"},\"image\":{\"@id\":\"https:\/\/portaldoestado.com.br\/index.php\/2026\/09\/02\/marina-ruy-barbosa-revela-bastidores-de-decisao-que-gerou-polemica-em-amor-a-vida\/#primaryimage\"},\"thumbnailUrl\":\"https:\/\/portaldoestado.com.br\/wp-content\/uploads\/2026\/09\/WhatsApp-Image-2026-09-01-at-10.13.32-1.jpeg\",\"datePublished\":\"2026-09-02T15:26:44+00:00\",\"breadcrumb\":{\"@id\":\"https:\/\/portaldoestado.com.br\/index.php\/2026\/09\/02\/marina-ruy-barbosa-revela-bastidores-de-decisao-que-gerou-polemica-em-amor-a-vida\/#breadcrumb\"},\"inLanguage\":\"pt-BR\",\"potentialAction\":[{\"@type\":\"ReadAction\",\"target\":[\"https:\/\/portaldoestado.com.br\/index.php\/2026\/09\/02\/marina-ruy-barbosa-revela-bastidores-de-decisao-que-gerou-polemica-em-amor-a-vida\/\"]}]},{\"@type\":\"ImageObject\",\"inLanguage\":\"pt-BR\",\"@id\":\"https:\/\/portaldoestado.com.br\/index.php\/2026\/09\/02\/marina-ruy-barbosa-revela-bastidores-de-decisao-que-gerou-polemica-em-amor-a-vida\/#primaryimage\",\"url\":\"https:\/\/portaldoestado.com.br\/wp-content\/uploads\/2026\/09\/WhatsApp-Image-2026-09-01-at-10.13.32-1.jpeg\",\"contentUrl\":\"https:\/\/portaldoestado.com.br\/wp-content\/uploads\/2026\/09\/WhatsApp-Image-2026-09-01-at-10.13.32-1.jpeg\",\"width\":1600,\"height\":1200},{\"@type\":\"BreadcrumbList\",\"@id\":\"https:\/\/portaldoestado.com.br\/index.php\/2026\/09\/02\/marina-ruy-barbosa-revela-bastidores-de-decisao-que-gerou-polemica-em-amor-a-vida\/#breadcrumb\",\"itemListElement\":[{\"@type\":\"ListItem\",\"position\":1,\"name\":\"In\u00edcio\",\"item\":\"https:\/\/portaldoestado.com.br\/\"},{\"@type\":\"ListItem\",\"position\":2,\"name\":\"Marina Ruy Barbosa revela bastidores de decis\u00e3o que gerou pol\u00eamica em \u201cAmor \u00e0 Vida\u201d\"}]},{\"@type\":\"WebSite\",\"@id\":\"https:\/\/portaldoestado.com.br\/#website\",\"url\":\"https:\/\/portaldoestado.com.br\/\",\"name\":\"Portal do Estado\",\"description\":\"\",\"publisher\":{\"@id\":\"https:\/\/portaldoestado.com.br\/#organization\"},\"potentialAction\":[{\"@type\":\"SearchAction\",\"target\":{\"@type\":\"EntryPoint\",\"urlTemplate\":\"https:\/\/portaldoestado.com.br\/?s={search_term_string}\"},\"query-input\":{\"@type\":\"PropertyValueSpecification\",\"valueRequired\":true,\"valueName\":\"search_term_string\"}}],\"inLanguage\":\"pt-BR\"},{\"@type\":\"Organization\",\"@id\":\"https:\/\/portaldoestado.com.br\/#organization\",\"name\":\"Portal do Estado\",\"url\":\"https:\/\/portaldoestado.com.br\/\",\"logo\":{\"@type\":\"ImageObject\",\"inLanguage\":\"pt-BR\",\"@id\":\"https:\/\/portaldoestado.com.br\/#\/schema\/logo\/image\/\",\"url\":\"https:\/\/portaldoestado.com.br\/wp-content\/uploads\/2025\/04\/cropped-6f69b19a-6472-43bf-b1b3-e1910bbbd4e8.png\",\"contentUrl\":\"https:\/\/portaldoestado.com.br\/wp-content\/uploads\/2025\/04\/cropped-6f69b19a-6472-43bf-b1b3-e1910bbbd4e8.png\",\"width\":1024,\"height\":350,\"caption\":\"Portal do Estado\"},\"image\":{\"@id\":\"https:\/\/portaldoestado.com.br\/#\/schema\/logo\/image\/\"}},{\"@type\":\"Person\",\"@id\":\"https:\/\/portaldoestado.com.br\/#\/schema\/person\/5ca0174f3c8c84b59da62ea14b698cb9\",\"name\":\"assessoriadefamosos\",\"image\":{\"@type\":\"ImageObject\",\"inLanguage\":\"pt-BR\",\"@id\":\"https:\/\/portaldoestado.com.br\/#\/schema\/person\/image\/\",\"url\":\"https:\/\/secure.gravatar.com\/avatar\/a7acbdffcfbbae7240e59f47fe511ec5f5d8c252c779f0b8d9ab02a9e1d8c5ed?s=96&d=mm&r=g\",\"contentUrl\":\"https:\/\/secure.gravatar.com\/avatar\/a7acbdffcfbbae7240e59f47fe511ec5f5d8c252c779f0b8d9ab02a9e1d8c5ed?s=96&d=mm&r=g\",\"caption\":\"assessoriadefamosos\"},\"url\":\"https:\/\/portaldoestado.com.br\/index.php\/author\/assessoriadefamosos\/\"}]}<\/script>\n<!-- \/ Yoast SEO plugin. -->","yoast_head_json":{"title":"Marina Ruy Barbosa revela bastidores de decis\u00e3o que gerou pol\u00eamica em \u201cAmor \u00e0 Vida\u201d - Portal do Estado","robots":{"index":"index","follow":"follow","max-snippet":"max-snippet:-1","max-image-preview":"max-image-preview:large","max-video-preview":"max-video-preview:-1"},"canonical":"https:\/\/portaldoestado.com.br\/index.php\/2026\/09\/02\/marina-ruy-barbosa-revela-bastidores-de-decisao-que-gerou-polemica-em-amor-a-vida\/","og_locale":"pt_BR","og_type":"article","og_title":"Marina Ruy Barbosa revela bastidores de decis\u00e3o que gerou pol\u00eamica em \u201cAmor \u00e0 Vida\u201d - Portal do Estado","og_description":"Marina Ruy Barbosa voltou a comentar uma situa\u00e7\u00e3o que marcou sua carreira e provocou intensa discuss\u00e3o entre o p\u00fablico na \u00e9poca. Em entrevista ao podcast \u201cPod I\u201d, da GloboNews, a atriz relembrou os bastidores de \u201cAmor \u00e0 Vida\u201d, novela exibida pela Globo em 2013, e explicou por que decidiu n\u00e3o raspar os cabelos para viver [\u2026]","og_url":"https:\/\/portaldoestado.com.br\/index.php\/2026\/09\/02\/marina-ruy-barbosa-revela-bastidores-de-decisao-que-gerou-polemica-em-amor-a-vida\/","og_site_name":"Portal do Estado","article_published_time":"2026-09-02T15:26:44+00:00","og_image":[{"width":1600,"height":1200,"url":"https:\/\/portaldoestado.com.br\/wp-content\/uploads\/2026\/09\/WhatsApp-Image-2026-09-01-at-10.13.32-1.jpeg","type":"image\/jpeg"}],"author":"assessoriadefamosos","twitter_card":"summary_large_image","twitter_misc":{"Escrito por":"assessoriadefamosos","Est. tempo de leitura":"3 minutos"},"schema":{"@context":"https:\/\/schema.org","@graph":[{"@type":"Article","@id":"https:\/\/portaldoestado.com.br\/index.php\/2026\/09\/02\/marina-ruy-barbosa-revela-bastidores-de-decisao-que-gerou-polemica-em-amor-a-vida\/#article","isPartOf":{"@id":"https:\/\/portaldoestado.com.br\/index.php\/2026\/09\/02\/marina-ruy-barbosa-revela-bastidores-de-decisao-que-gerou-polemica-em-amor-a-vida\/"},"author":{"name":"assessoriadefamosos","@id":"https:\/\/portaldoestado.com.br\/#\/schema\/person\/5ca0174f3c8c84b59da62ea14b698cb9"},"headline":"Marina Ruy Barbosa revela bastidores de decis\u00e3o que gerou pol\u00eamica em \u201cAmor \u00e0 Vida\u201d","datePublished":"2026-09-02T15:26:44+00:00","mainEntityOfPage":{"@id":"https:\/\/portaldoestado.com.br\/index.php\/2026\/09\/02\/marina-ruy-barbosa-revela-bastidores-de-decisao-que-gerou-polemica-em-amor-a-vida\/"},"wordCount":622,"publisher":{"@id":"https:\/\/portaldoestado.com.br\/#organization"},"image":{"@id":"https:\/\/portaldoestado.com.br\/index.php\/2026\/09\/02\/marina-ruy-barbosa-revela-bastidores-de-decisao-que-gerou-polemica-em-amor-a-vida\/#primaryimage"},"thumbnailUrl":"https:\/\/portaldoestado.com.br\/wp-content\/uploads\/2026\/09\/WhatsApp-Image-2026-09-01-at-10.13.32-1.jpeg","articleSection":["Famosos"],"inLanguage":"pt-BR"},{"@type":"WebPage","@id":"https:\/\/portaldoestado.com.br\/index.php\/2026\/09\/02\/marina-ruy-barbosa-revela-bastidores-de-decisao-que-gerou-polemica-em-amor-a-vida\/","url":"https:\/\/portaldoestado.com.br\/index.php\/2026\/09\/02\/marina-ruy-barbosa-revela-bastidores-de-decisao-que-gerou-polemica-em-amor-a-vida\/","name":"Marina Ruy Barbosa revela bastidores de decis\u00e3o que gerou pol\u00eamica em \u201cAmor \u00e0 Vida\u201d - Portal do Estado","isPartOf":{"@id":"https:\/\/portaldoestado.com.br\/#website"},"primaryImageOfPage":{"@id":"https:\/\/portaldoestado.com.br\/index.php\/2026\/09\/02\/marina-ruy-barbosa-revela-bastidores-de-decisao-que-gerou-polemica-em-amor-a-vida\/#primaryimage"},"image":{"@id":"https:\/\/portaldoestado.com.br\/index.php\/2026\/09\/02\/marina-ruy-barbosa-revela-bastidores-de-decisao-que-gerou-polemica-em-amor-a-vida\/#primaryimage"},"thumbnailUrl":"https:\/\/portaldoestado.com.br\/wp-content\/uploads\/2026\/09\/WhatsApp-Image-2026-09-01-at-10.13.32-1.jpeg","datePublished":"2026-09-02T15:26:44+00:00","breadcrumb":{"@id":"https:\/\/portaldoestado.com.br\/index.php\/2026\/09\/02\/marina-ruy-barbosa-revela-bastidores-de-decisao-que-gerou-polemica-em-amor-a-vida\/#breadcrumb"},"inLanguage":"pt-BR","potentialAction":[{"@type":"ReadAction","target":["https:\/\/portaldoestado.com.br\/index.php\/2026\/09\/02\/marina-ruy-barbosa-revela-bastidores-de-decisao-que-gerou-polemica-em-amor-a-vida\/"]}]},{"@type":"ImageObject","inLanguage":"pt-BR","@id":"https:\/\/portaldoestado.com.br\/index.php\/2026\/09\/02\/marina-ruy-barbosa-revela-bastidores-de-decisao-que-gerou-polemica-em-amor-a-vida\/#primaryimage","url":"https:\/\/portaldoestado.com.br\/wp-content\/uploads\/2026\/09\/WhatsApp-Image-2026-09-01-at-10.13.32-1.jpeg","contentUrl":"https:\/\/portaldoestado.com.br\/wp-content\/uploads\/2026\/09\/WhatsApp-Image-2026-09-01-at-10.13.32-1.jpeg","width":1600,"height":1200},{"@type":"BreadcrumbList","@id":"https:\/\/portaldoestado.com.br\/index.php\/2026\/09\/02\/marina-ruy-barbosa-revela-bastidores-de-decisao-que-gerou-polemica-em-amor-a-vida\/#breadcrumb","itemListElement":[{"@type":"ListItem","position":1,"name":"In\u00edcio","item":"https:\/\/portaldoestado.com.br\/"},{"@type":"ListItem","position":2,"name":"Marina Ruy Barbosa revela bastidores de decis\u00e3o que gerou pol\u00eamica em \u201cAmor \u00e0 Vida\u201d"}]},{"@type":"WebSite","@id":"https:\/\/portaldoestado.com.br\/#website","url":"https:\/\/portaldoestado.com.br\/","name":"Portal do Estado","description":"","publisher":{"@id":"https:\/\/portaldoestado.com.br\/#organization"},"potentialAction":[{"@type":"SearchAction","target":{"@type":"EntryPoint","urlTemplate":"https:\/\/portaldoestado.com.br\/?s={search_term_string}"},"query-input":{"@type":"PropertyValueSpecification","valueRequired":true,"valueName":"search_term_string"}}],"inLanguage":"pt-BR"},{"@type":"Organization","@id":"https:\/\/portaldoestado.com.br\/#organization","name":"Portal do Estado","url":"https:\/\/portaldoestado.com.br\/","logo":{"@type":"ImageObject","inLanguage":"pt-BR","@id":"https:\/\/portaldoestado.com.br\/#\/schema\/logo\/image\/","url":"https:\/\/portaldoestado.com.br\/wp-content\/uploads\/2025\/04\/cropped-6f69b19a-6472-43bf-b1b3-e1910bbbd4e8.png","contentUrl":"https:\/\/portaldoestado.com.br\/wp-content\/uploads\/2025\/04\/cropped-6f69b19a-6472-43bf-b1b3-e1910bbbd4e8.png","width":1024,"height":350,"caption":"Portal do Estado"},"image":{"@id":"https:\/\/portaldoestado.com.br\/#\/schema\/logo\/image\/"}},{"@type":"Person","@id":"https:\/\/portaldoestado.com.br\/#\/schema\/person\/5ca0174f3c8c84b59da62ea14b698cb9","name":"assessoriadefamosos","image":{"@type":"ImageObject","inLanguage":"pt-BR","@id":"https:\/\/portaldoestado.com.br\/#\/schema\/person\/image\/","url":"https:\/\/secure.gravatar.com\/avatar\/a7acbdffcfbbae7240e59f47fe511ec5f5d8c252c779f0b8d9ab02a9e1d8c5ed?s=96&d=mm&r=g","contentUrl":"https:\/\/secure.gravatar.com\/avatar\/a7acbdffcfbbae7240e59f47fe511ec5f5d8c252c779f0b8d9ab02a9e1d8c5ed?s=96&d=mm&r=g","caption":"assessoriadefamosos"},"url":"https:\/\/portaldoestado.com.br\/index.php\/author\/assessoriadefamosos\/"}]}},"jetpack_featured_media_url":"https:\/\/portaldoestado.com.br\/wp-content\/uploads\/2026\/09\/WhatsApp-Image-2026-09-01-at-10.13.32-1.jpeg","_links":{"self":[{"href":"https:\/\/portaldoestado.com.br\/index.php\/wp-json\/wp\/v2\/posts\/11100","targetHints":{"allow":["GET"]}}],"collection":[{"href":"https:\/\/portaldoestado.com.br\/index.php\/wp-json\/wp\/v2\/posts"}],"about":[{"href":"https:\/\/portaldoestado.com.br\/index.php\/wp-json\/wp\/v2\/types\/post"}],"author":[{"embeddable":true,"href":"https:\/\/portaldoestado.com.br\/index.php\/wp-json\/wp\/v2\/users\/2"}],"replies":[{"embeddable":true,"href":"https:\/\/portaldoestado.com.br\/index.php\/wp-json\/wp\/v2\/comments?post=11100"}],"version-history":[{"count":1,"href":"https:\/\/portaldoestado.com.br\/index.php\/wp-json\/wp\/v2\/posts\/11100\/revisions"}],"predecessor-version":[{"id":11101,"href":"https:\/\/portaldoestado.com.br\/index.php\/wp-json\/wp\/v2\/posts\/11100\/revisions\/11101"}],"wp:featuredmedia":[{"embeddable":true,"href":"https:\/\/portaldoestado.com.br\/index.php\/wp-json\/wp\/v2\/media\/11099"}],"wp:attachment":[{"href":"https:\/\/portaldoestado.com.br\/index.php\/wp-json\/wp\/v2\/media?parent=11100"}],"wp:term":[{"taxonomy":"category","embeddable":true,"href":"https:\/\/portaldoestado.com.br\/index.php\/wp-json\/wp\/v2\/categories?post=11100"},{"taxonomy":"post_tag","embeddable":true,"href":"https:\/\/portaldoestado.com.br\/index.php\/wp-json\/wp\/v2\/tags?post=11100"}],"curies":[{"name":"wp","href":"https:\/\/api.w.org\/{rel}","templated":true}]}}