{"id":11097,"date":"2026-09-02T15:23:11","date_gmt":"2026-09-02T15:23:11","guid":{"rendered":"https:\/\/portaldoestado.com.br\/?p=11097"},"modified":"2026-09-02T15:23:11","modified_gmt":"2026-09-02T15:23:11","slug":"simaria-escolhe-lucas-guimaraes-para-comandar-abertura-de-dvd-que-marca-sua-volta-aos-palcos","status":"publish","type":"post","link":"https:\/\/portaldoestado.com.br\/index.php\/2026\/09\/02\/simaria-escolhe-lucas-guimaraes-para-comandar-abertura-de-dvd-que-marca-sua-volta-aos-palcos\/","title":{"rendered":"Simaria escolhe Lucas Guimar\u00e3es para comandar abertura de DVD que marca sua volta aos palcos"},"content":{"rendered":"<p>Simaria j\u00e1 iniciou a contagem regressiva para um dos momentos mais importantes de sua carreira nos \u00faltimos anos. Ap\u00f3s quatro anos afastada dos palcos, a cantora se prepara para retomar as apresenta\u00e7\u00f5es e decidiu transformar o retorno em um grande projeto audiovisual. Para a abertura da grava\u00e7\u00e3o do novo DVD solo, ela convidou o influenciador Lucas Guimar\u00e3es.<\/p>\n<p>A participa\u00e7\u00e3o de Lucas ter\u00e1 uma fun\u00e7\u00e3o especial na noite. O influenciador ser\u00e1 respons\u00e1vel por conduzir os primeiros momentos do evento e apresentar a atra\u00e7\u00e3o antes da entrada de Simaria. A ideia \u00e9 preparar o p\u00fablico para o reencontro da cantora com os palcos e criar uma atmosfera especial para o in\u00edcio do espet\u00e1culo.<\/p>\n<p>A grava\u00e7\u00e3o do DVD est\u00e1 prevista para acontecer no pr\u00f3ximo m\u00eas e vem sendo cercada de expectativa. O projeto marca uma nova fase profissional para Simaria, que passou um longo per\u00edodo distante das apresenta\u00e7\u00f5es musicais depois de encerrar a parceria com Simone Mendes.<\/p>\n<p>Desde que anunciou os planos de retornar \u00e0 m\u00fasica, a cantora tem dado pistas sobre o que est\u00e1 preparando. Nas redes sociais, ela vem dividindo com os seguidores alguns momentos dos ensaios e dos bastidores da produ\u00e7\u00e3o. Os registros mostram que a artista est\u00e1 envolvida diretamente nos preparativos para a apresenta\u00e7\u00e3o.<\/p>\n<p>A escolha de Lucas Guimar\u00e3es para a abertura tamb\u00e9m acrescenta um toque de entretenimento ao projeto. Com experi\u00eancia diante das c\u00e2meras e forte presen\u00e7a nas redes sociais, o influenciador ter\u00e1 a responsabilidade de recepcionar o p\u00fablico e fazer a transi\u00e7\u00e3o at\u00e9 o momento em que Simaria aparecer\u00e1 no palco.<\/p>\n<p>O retorno acontece depois de uma fase de mudan\u00e7as na vida profissional da cantora. Em 2022, Simaria e Simone anunciaram o fim da dupla que durante anos esteve entre os principais nomes do sertanejo brasileiro. Desde ent\u00e3o, Simaria reduziu o ritmo de apresenta\u00e7\u00f5es e passou a concentrar sua aten\u00e7\u00e3o em projetos pessoais e na prepara\u00e7\u00e3o para uma nova etapa.<\/p>\n<p>A volta em carreira solo representa, portanto, mais do que uma simples apresenta\u00e7\u00e3o. O DVD ser\u00e1 uma oportunidade para Simaria mostrar ao p\u00fablico como pretende conduzir sua trajet\u00f3ria daqui para frente, com um projeto pensado especialmente para essa nova fase.<\/p>\n<p>A expectativa dos f\u00e3s tamb\u00e9m cresce \u00e0 medida que a grava\u00e7\u00e3o se aproxima. Depois de quatro anos sem acompanhar a cantora em um grande espet\u00e1culo, o p\u00fablico aguarda para conhecer o repert\u00f3rio, a produ\u00e7\u00e3o e as novidades que ser\u00e3o apresentadas no palco.<\/p>\n<p>Com Lucas Guimar\u00e3es escalado para comandar a abertura, Simaria prepara uma noite que promete simbolizar seu reencontro com a m\u00fasica. A cantora segue nos ensaios e nos \u00faltimos ajustes do projeto, enquanto os detalhes sobre o DVD come\u00e7am a aumentar a curiosidade dos f\u00e3s para o aguardado retorno.<\/p>\n<p><\/p>\n","protected":false},"excerpt":{"rendered":"<p>Simaria j\u00e1 iniciou a contagem regressiva para um dos momentos mais importantes de sua carreira nos \u00faltimos anos. Ap\u00f3s quatro anos afastada dos palcos, a cantora se prepara para retomar as apresenta\u00e7\u00f5es e decidiu transformar o retorno em um grande projeto audiovisual. Para a abertura da grava\u00e7\u00e3o do novo DVD solo, ela convidou o influenciador [\u2026]<\/p>\n","protected":false},"author":2,"featured_media":11096,"comment_status":"closed","ping_status":"open","sticky":false,"template":"","format":"standard","meta":{"footnotes":""},"categories":[3],"tags":[],"class_list":["post-11097","post","type-post","status-publish","format-standard","has-post-thumbnail","hentry","category-famosos"],"yoast_head":"<!-- This site is optimized with the Yoast SEO plugin v25.5 - https:\/\/yoast.com\/wordpress\/plugins\/seo\/ -->\n<title>Simaria escolhe Lucas Guimar\u00e3es para comandar abertura de DVD que marca sua volta aos palcos - Portal do Estado<\/title>\n<meta name=\"robots\" content=\"index, follow, max-snippet:-1, max-image-preview:large, max-video-preview:-1\" \/>\n<link rel=\"canonical\" href=\"https:\/\/portaldoestado.com.br\/index.php\/2026\/09\/02\/simaria-escolhe-lucas-guimaraes-para-comandar-abertura-de-dvd-que-marca-sua-volta-aos-palcos\/\" \/>\n<meta property=\"og:locale\" content=\"pt_BR\" \/>\n<meta property=\"og:type\" content=\"article\" \/>\n<meta property=\"og:title\" content=\"Simaria escolhe Lucas Guimar\u00e3es para comandar abertura de DVD que marca sua volta aos palcos - Portal do Estado\" \/>\n<meta property=\"og:description\" content=\"Simaria j\u00e1 iniciou a contagem regressiva para um dos momentos mais importantes de sua carreira nos \u00faltimos anos. Ap\u00f3s quatro anos afastada dos palcos, a cantora se prepara para retomar as apresenta\u00e7\u00f5es e decidiu transformar o retorno em um grande projeto audiovisual. Para a abertura da grava\u00e7\u00e3o do novo DVD solo, ela convidou o influenciador [\u2026]\" \/>\n<meta property=\"og:url\" content=\"https:\/\/portaldoestado.com.br\/index.php\/2026\/09\/02\/simaria-escolhe-lucas-guimaraes-para-comandar-abertura-de-dvd-que-marca-sua-volta-aos-palcos\/\" \/>\n<meta property=\"og:site_name\" content=\"Portal do Estado\" \/>\n<meta property=\"article:published_time\" content=\"2026-09-02T15:23:11+00:00\" \/>\n<meta property=\"og:image\" content=\"https:\/\/portaldoestado.com.br\/wp-content\/uploads\/2026\/09\/krzCLjXd-Tamanho-portal-3.jpg\" \/>\n\t<meta property=\"og:image:width\" content=\"1200\" \/>\n\t<meta property=\"og:image:height\" content=\"900\" \/>\n\t<meta property=\"og:image:type\" content=\"image\/jpeg\" \/>\n<meta name=\"author\" content=\"assessoriadefamosos\" \/>\n<meta name=\"twitter:card\" content=\"summary_large_image\" \/>\n<meta name=\"twitter:label1\" content=\"Escrito por\" \/>\n\t<meta name=\"twitter:data1\" content=\"assessoriadefamosos\" \/>\n\t<meta name=\"twitter:label2\" content=\"Est. tempo de leitura\" \/>\n\t<meta name=\"twitter:data2\" content=\"2 minutos\" \/>\n<script type=\"application\/ld+json\" class=\"yoast-schema-graph\">{\"@context\":\"https:\/\/schema.org\",\"@graph\":[{\"@type\":\"Article\",\"@id\":\"https:\/\/portaldoestado.com.br\/index.php\/2026\/09\/02\/simaria-escolhe-lucas-guimaraes-para-comandar-abertura-de-dvd-que-marca-sua-volta-aos-palcos\/#article\",\"isPartOf\":{\"@id\":\"https:\/\/portaldoestado.com.br\/index.php\/2026\/09\/02\/simaria-escolhe-lucas-guimaraes-para-comandar-abertura-de-dvd-que-marca-sua-volta-aos-palcos\/\"},\"author\":{\"name\":\"assessoriadefamosos\",\"@id\":\"https:\/\/portaldoestado.com.br\/#\/schema\/person\/5ca0174f3c8c84b59da62ea14b698cb9\"},\"headline\":\"Simaria escolhe Lucas Guimar\u00e3es para comandar abertura de DVD que marca sua volta aos palcos\",\"datePublished\":\"2026-09-02T15:23:11+00:00\",\"mainEntityOfPage\":{\"@id\":\"https:\/\/portaldoestado.com.br\/index.php\/2026\/09\/02\/simaria-escolhe-lucas-guimaraes-para-comandar-abertura-de-dvd-que-marca-sua-volta-aos-palcos\/\"},\"wordCount\":501,\"publisher\":{\"@id\":\"https:\/\/portaldoestado.com.br\/#organization\"},\"image\":{\"@id\":\"https:\/\/portaldoestado.com.br\/index.php\/2026\/09\/02\/simaria-escolhe-lucas-guimaraes-para-comandar-abertura-de-dvd-que-marca-sua-volta-aos-palcos\/#primaryimage\"},\"thumbnailUrl\":\"https:\/\/portaldoestado.com.br\/wp-content\/uploads\/2026\/09\/krzCLjXd-Tamanho-portal-3.jpg\",\"articleSection\":[\"Famosos\"],\"inLanguage\":\"pt-BR\"},{\"@type\":\"WebPage\",\"@id\":\"https:\/\/portaldoestado.com.br\/index.php\/2026\/09\/02\/simaria-escolhe-lucas-guimaraes-para-comandar-abertura-de-dvd-que-marca-sua-volta-aos-palcos\/\",\"url\":\"https:\/\/portaldoestado.com.br\/index.php\/2026\/09\/02\/simaria-escolhe-lucas-guimaraes-para-comandar-abertura-de-dvd-que-marca-sua-volta-aos-palcos\/\",\"name\":\"Simaria escolhe Lucas Guimar\u00e3es para comandar abertura de DVD que marca sua volta aos palcos - Portal do Estado\",\"isPartOf\":{\"@id\":\"https:\/\/portaldoestado.com.br\/#website\"},\"primaryImageOfPage\":{\"@id\":\"https:\/\/portaldoestado.com.br\/index.php\/2026\/09\/02\/simaria-escolhe-lucas-guimaraes-para-comandar-abertura-de-dvd-que-marca-sua-volta-aos-palcos\/#primaryimage\"},\"image\":{\"@id\":\"https:\/\/portaldoestado.com.br\/index.php\/2026\/09\/02\/simaria-escolhe-lucas-guimaraes-para-comandar-abertura-de-dvd-que-marca-sua-volta-aos-palcos\/#primaryimage\"},\"thumbnailUrl\":\"https:\/\/portaldoestado.com.br\/wp-content\/uploads\/2026\/09\/krzCLjXd-Tamanho-portal-3.jpg\",\"datePublished\":\"2026-09-02T15:23:11+00:00\",\"breadcrumb\":{\"@id\":\"https:\/\/portaldoestado.com.br\/index.php\/2026\/09\/02\/simaria-escolhe-lucas-guimaraes-para-comandar-abertura-de-dvd-que-marca-sua-volta-aos-palcos\/#breadcrumb\"},\"inLanguage\":\"pt-BR\",\"potentialAction\":[{\"@type\":\"ReadAction\",\"target\":[\"https:\/\/portaldoestado.com.br\/index.php\/2026\/09\/02\/simaria-escolhe-lucas-guimaraes-para-comandar-abertura-de-dvd-que-marca-sua-volta-aos-palcos\/\"]}]},{\"@type\":\"ImageObject\",\"inLanguage\":\"pt-BR\",\"@id\":\"https:\/\/portaldoestado.com.br\/index.php\/2026\/09\/02\/simaria-escolhe-lucas-guimaraes-para-comandar-abertura-de-dvd-que-marca-sua-volta-aos-palcos\/#primaryimage\",\"url\":\"https:\/\/portaldoestado.com.br\/wp-content\/uploads\/2026\/09\/krzCLjXd-Tamanho-portal-3.jpg\",\"contentUrl\":\"https:\/\/portaldoestado.com.br\/wp-content\/uploads\/2026\/09\/krzCLjXd-Tamanho-portal-3.jpg\",\"width\":1200,\"height\":900},{\"@type\":\"BreadcrumbList\",\"@id\":\"https:\/\/portaldoestado.com.br\/index.php\/2026\/09\/02\/simaria-escolhe-lucas-guimaraes-para-comandar-abertura-de-dvd-que-marca-sua-volta-aos-palcos\/#breadcrumb\",\"itemListElement\":[{\"@type\":\"ListItem\",\"position\":1,\"name\":\"In\u00edcio\",\"item\":\"https:\/\/portaldoestado.com.br\/\"},{\"@type\":\"ListItem\",\"position\":2,\"name\":\"Simaria escolhe Lucas Guimar\u00e3es para comandar abertura de DVD que marca sua volta aos palcos\"}]},{\"@type\":\"WebSite\",\"@id\":\"https:\/\/portaldoestado.com.br\/#website\",\"url\":\"https:\/\/portaldoestado.com.br\/\",\"name\":\"Portal do Estado\",\"description\":\"\",\"publisher\":{\"@id\":\"https:\/\/portaldoestado.com.br\/#organization\"},\"potentialAction\":[{\"@type\":\"SearchAction\",\"target\":{\"@type\":\"EntryPoint\",\"urlTemplate\":\"https:\/\/portaldoestado.com.br\/?s={search_term_string}\"},\"query-input\":{\"@type\":\"PropertyValueSpecification\",\"valueRequired\":true,\"valueName\":\"search_term_string\"}}],\"inLanguage\":\"pt-BR\"},{\"@type\":\"Organization\",\"@id\":\"https:\/\/portaldoestado.com.br\/#organization\",\"name\":\"Portal do Estado\",\"url\":\"https:\/\/portaldoestado.com.br\/\",\"logo\":{\"@type\":\"ImageObject\",\"inLanguage\":\"pt-BR\",\"@id\":\"https:\/\/portaldoestado.com.br\/#\/schema\/logo\/image\/\",\"url\":\"https:\/\/portaldoestado.com.br\/wp-content\/uploads\/2025\/04\/cropped-6f69b19a-6472-43bf-b1b3-e1910bbbd4e8.png\",\"contentUrl\":\"https:\/\/portaldoestado.com.br\/wp-content\/uploads\/2025\/04\/cropped-6f69b19a-6472-43bf-b1b3-e1910bbbd4e8.png\",\"width\":1024,\"height\":350,\"caption\":\"Portal do Estado\"},\"image\":{\"@id\":\"https:\/\/portaldoestado.com.br\/#\/schema\/logo\/image\/\"}},{\"@type\":\"Person\",\"@id\":\"https:\/\/portaldoestado.com.br\/#\/schema\/person\/5ca0174f3c8c84b59da62ea14b698cb9\",\"name\":\"assessoriadefamosos\",\"image\":{\"@type\":\"ImageObject\",\"inLanguage\":\"pt-BR\",\"@id\":\"https:\/\/portaldoestado.com.br\/#\/schema\/person\/image\/\",\"url\":\"https:\/\/secure.gravatar.com\/avatar\/a7acbdffcfbbae7240e59f47fe511ec5f5d8c252c779f0b8d9ab02a9e1d8c5ed?s=96&d=mm&r=g\",\"contentUrl\":\"https:\/\/secure.gravatar.com\/avatar\/a7acbdffcfbbae7240e59f47fe511ec5f5d8c252c779f0b8d9ab02a9e1d8c5ed?s=96&d=mm&r=g\",\"caption\":\"assessoriadefamosos\"},\"url\":\"https:\/\/portaldoestado.com.br\/index.php\/author\/assessoriadefamosos\/\"}]}<\/script>\n<!-- \/ Yoast SEO plugin. -->","yoast_head_json":{"title":"Simaria escolhe Lucas Guimar\u00e3es para comandar abertura de DVD que marca sua volta aos palcos - Portal do Estado","robots":{"index":"index","follow":"follow","max-snippet":"max-snippet:-1","max-image-preview":"max-image-preview:large","max-video-preview":"max-video-preview:-1"},"canonical":"https:\/\/portaldoestado.com.br\/index.php\/2026\/09\/02\/simaria-escolhe-lucas-guimaraes-para-comandar-abertura-de-dvd-que-marca-sua-volta-aos-palcos\/","og_locale":"pt_BR","og_type":"article","og_title":"Simaria escolhe Lucas Guimar\u00e3es para comandar abertura de DVD que marca sua volta aos palcos - Portal do Estado","og_description":"Simaria j\u00e1 iniciou a contagem regressiva para um dos momentos mais importantes de sua carreira nos \u00faltimos anos. Ap\u00f3s quatro anos afastada dos palcos, a cantora se prepara para retomar as apresenta\u00e7\u00f5es e decidiu transformar o retorno em um grande projeto audiovisual. Para a abertura da grava\u00e7\u00e3o do novo DVD solo, ela convidou o influenciador [\u2026]","og_url":"https:\/\/portaldoestado.com.br\/index.php\/2026\/09\/02\/simaria-escolhe-lucas-guimaraes-para-comandar-abertura-de-dvd-que-marca-sua-volta-aos-palcos\/","og_site_name":"Portal do Estado","article_published_time":"2026-09-02T15:23:11+00:00","og_image":[{"width":1200,"height":900,"url":"https:\/\/portaldoestado.com.br\/wp-content\/uploads\/2026\/09\/krzCLjXd-Tamanho-portal-3.jpg","type":"image\/jpeg"}],"author":"assessoriadefamosos","twitter_card":"summary_large_image","twitter_misc":{"Escrito por":"assessoriadefamosos","Est. tempo de leitura":"2 minutos"},"schema":{"@context":"https:\/\/schema.org","@graph":[{"@type":"Article","@id":"https:\/\/portaldoestado.com.br\/index.php\/2026\/09\/02\/simaria-escolhe-lucas-guimaraes-para-comandar-abertura-de-dvd-que-marca-sua-volta-aos-palcos\/#article","isPartOf":{"@id":"https:\/\/portaldoestado.com.br\/index.php\/2026\/09\/02\/simaria-escolhe-lucas-guimaraes-para-comandar-abertura-de-dvd-que-marca-sua-volta-aos-palcos\/"},"author":{"name":"assessoriadefamosos","@id":"https:\/\/portaldoestado.com.br\/#\/schema\/person\/5ca0174f3c8c84b59da62ea14b698cb9"},"headline":"Simaria escolhe Lucas Guimar\u00e3es para comandar abertura de DVD que marca sua volta aos palcos","datePublished":"2026-09-02T15:23:11+00:00","mainEntityOfPage":{"@id":"https:\/\/portaldoestado.com.br\/index.php\/2026\/09\/02\/simaria-escolhe-lucas-guimaraes-para-comandar-abertura-de-dvd-que-marca-sua-volta-aos-palcos\/"},"wordCount":501,"publisher":{"@id":"https:\/\/portaldoestado.com.br\/#organization"},"image":{"@id":"https:\/\/portaldoestado.com.br\/index.php\/2026\/09\/02\/simaria-escolhe-lucas-guimaraes-para-comandar-abertura-de-dvd-que-marca-sua-volta-aos-palcos\/#primaryimage"},"thumbnailUrl":"https:\/\/portaldoestado.com.br\/wp-content\/uploads\/2026\/09\/krzCLjXd-Tamanho-portal-3.jpg","articleSection":["Famosos"],"inLanguage":"pt-BR"},{"@type":"WebPage","@id":"https:\/\/portaldoestado.com.br\/index.php\/2026\/09\/02\/simaria-escolhe-lucas-guimaraes-para-comandar-abertura-de-dvd-que-marca-sua-volta-aos-palcos\/","url":"https:\/\/portaldoestado.com.br\/index.php\/2026\/09\/02\/simaria-escolhe-lucas-guimaraes-para-comandar-abertura-de-dvd-que-marca-sua-volta-aos-palcos\/","name":"Simaria escolhe Lucas Guimar\u00e3es para comandar abertura de DVD que marca sua volta aos palcos - Portal do Estado","isPartOf":{"@id":"https:\/\/portaldoestado.com.br\/#website"},"primaryImageOfPage":{"@id":"https:\/\/portaldoestado.com.br\/index.php\/2026\/09\/02\/simaria-escolhe-lucas-guimaraes-para-comandar-abertura-de-dvd-que-marca-sua-volta-aos-palcos\/#primaryimage"},"image":{"@id":"https:\/\/portaldoestado.com.br\/index.php\/2026\/09\/02\/simaria-escolhe-lucas-guimaraes-para-comandar-abertura-de-dvd-que-marca-sua-volta-aos-palcos\/#primaryimage"},"thumbnailUrl":"https:\/\/portaldoestado.com.br\/wp-content\/uploads\/2026\/09\/krzCLjXd-Tamanho-portal-3.jpg","datePublished":"2026-09-02T15:23:11+00:00","breadcrumb":{"@id":"https:\/\/portaldoestado.com.br\/index.php\/2026\/09\/02\/simaria-escolhe-lucas-guimaraes-para-comandar-abertura-de-dvd-que-marca-sua-volta-aos-palcos\/#breadcrumb"},"inLanguage":"pt-BR","potentialAction":[{"@type":"ReadAction","target":["https:\/\/portaldoestado.com.br\/index.php\/2026\/09\/02\/simaria-escolhe-lucas-guimaraes-para-comandar-abertura-de-dvd-que-marca-sua-volta-aos-palcos\/"]}]},{"@type":"ImageObject","inLanguage":"pt-BR","@id":"https:\/\/portaldoestado.com.br\/index.php\/2026\/09\/02\/simaria-escolhe-lucas-guimaraes-para-comandar-abertura-de-dvd-que-marca-sua-volta-aos-palcos\/#primaryimage","url":"https:\/\/portaldoestado.com.br\/wp-content\/uploads\/2026\/09\/krzCLjXd-Tamanho-portal-3.jpg","contentUrl":"https:\/\/portaldoestado.com.br\/wp-content\/uploads\/2026\/09\/krzCLjXd-Tamanho-portal-3.jpg","width":1200,"height":900},{"@type":"BreadcrumbList","@id":"https:\/\/portaldoestado.com.br\/index.php\/2026\/09\/02\/simaria-escolhe-lucas-guimaraes-para-comandar-abertura-de-dvd-que-marca-sua-volta-aos-palcos\/#breadcrumb","itemListElement":[{"@type":"ListItem","position":1,"name":"In\u00edcio","item":"https:\/\/portaldoestado.com.br\/"},{"@type":"ListItem","position":2,"name":"Simaria escolhe Lucas Guimar\u00e3es para comandar abertura de DVD que marca sua volta aos palcos"}]},{"@type":"WebSite","@id":"https:\/\/portaldoestado.com.br\/#website","url":"https:\/\/portaldoestado.com.br\/","name":"Portal do Estado","description":"","publisher":{"@id":"https:\/\/portaldoestado.com.br\/#organization"},"potentialAction":[{"@type":"SearchAction","target":{"@type":"EntryPoint","urlTemplate":"https:\/\/portaldoestado.com.br\/?s={search_term_string}"},"query-input":{"@type":"PropertyValueSpecification","valueRequired":true,"valueName":"search_term_string"}}],"inLanguage":"pt-BR"},{"@type":"Organization","@id":"https:\/\/portaldoestado.com.br\/#organization","name":"Portal do Estado","url":"https:\/\/portaldoestado.com.br\/","logo":{"@type":"ImageObject","inLanguage":"pt-BR","@id":"https:\/\/portaldoestado.com.br\/#\/schema\/logo\/image\/","url":"https:\/\/portaldoestado.com.br\/wp-content\/uploads\/2025\/04\/cropped-6f69b19a-6472-43bf-b1b3-e1910bbbd4e8.png","contentUrl":"https:\/\/portaldoestado.com.br\/wp-content\/uploads\/2025\/04\/cropped-6f69b19a-6472-43bf-b1b3-e1910bbbd4e8.png","width":1024,"height":350,"caption":"Portal do Estado"},"image":{"@id":"https:\/\/portaldoestado.com.br\/#\/schema\/logo\/image\/"}},{"@type":"Person","@id":"https:\/\/portaldoestado.com.br\/#\/schema\/person\/5ca0174f3c8c84b59da62ea14b698cb9","name":"assessoriadefamosos","image":{"@type":"ImageObject","inLanguage":"pt-BR","@id":"https:\/\/portaldoestado.com.br\/#\/schema\/person\/image\/","url":"https:\/\/secure.gravatar.com\/avatar\/a7acbdffcfbbae7240e59f47fe511ec5f5d8c252c779f0b8d9ab02a9e1d8c5ed?s=96&d=mm&r=g","contentUrl":"https:\/\/secure.gravatar.com\/avatar\/a7acbdffcfbbae7240e59f47fe511ec5f5d8c252c779f0b8d9ab02a9e1d8c5ed?s=96&d=mm&r=g","caption":"assessoriadefamosos"},"url":"https:\/\/portaldoestado.com.br\/index.php\/author\/assessoriadefamosos\/"}]}},"jetpack_featured_media_url":"https:\/\/portaldoestado.com.br\/wp-content\/uploads\/2026\/09\/krzCLjXd-Tamanho-portal-3.jpg","_links":{"self":[{"href":"https:\/\/portaldoestado.com.br\/index.php\/wp-json\/wp\/v2\/posts\/11097","targetHints":{"allow":["GET"]}}],"collection":[{"href":"https:\/\/portaldoestado.com.br\/index.php\/wp-json\/wp\/v2\/posts"}],"about":[{"href":"https:\/\/portaldoestado.com.br\/index.php\/wp-json\/wp\/v2\/types\/post"}],"author":[{"embeddable":true,"href":"https:\/\/portaldoestado.com.br\/index.php\/wp-json\/wp\/v2\/users\/2"}],"replies":[{"embeddable":true,"href":"https:\/\/portaldoestado.com.br\/index.php\/wp-json\/wp\/v2\/comments?post=11097"}],"version-history":[{"count":1,"href":"https:\/\/portaldoestado.com.br\/index.php\/wp-json\/wp\/v2\/posts\/11097\/revisions"}],"predecessor-version":[{"id":11098,"href":"https:\/\/portaldoestado.com.br\/index.php\/wp-json\/wp\/v2\/posts\/11097\/revisions\/11098"}],"wp:featuredmedia":[{"embeddable":true,"href":"https:\/\/portaldoestado.com.br\/index.php\/wp-json\/wp\/v2\/media\/11096"}],"wp:attachment":[{"href":"https:\/\/portaldoestado.com.br\/index.php\/wp-json\/wp\/v2\/media?parent=11097"}],"wp:term":[{"taxonomy":"category","embeddable":true,"href":"https:\/\/portaldoestado.com.br\/index.php\/wp-json\/wp\/v2\/categories?post=11097"},{"taxonomy":"post_tag","embeddable":true,"href":"https:\/\/portaldoestado.com.br\/index.php\/wp-json\/wp\/v2\/tags?post=11097"}],"curies":[{"name":"wp","href":"https:\/\/api.w.org\/{rel}","templated":true}]}}