{"id":11088,"date":"2026-09-02T13:57:53","date_gmt":"2026-09-02T13:57:53","guid":{"rendered":"https:\/\/portaldoestado.com.br\/?p=11088"},"modified":"2026-09-02T13:57:53","modified_gmt":"2026-09-02T13:57:53","slug":"selfit-participa-da-fitness-brasil-expo-2026-com-foco-em-gestao-e-expansao","status":"publish","type":"post","link":"https:\/\/portaldoestado.com.br\/index.php\/2026\/09\/02\/selfit-participa-da-fitness-brasil-expo-2026-com-foco-em-gestao-e-expansao\/","title":{"rendered":"Selfit participa da Fitness Brasil Expo 2026 com foco em gest\u00e3o e expans\u00e3o"},"content":{"rendered":"<p><em>CEO Fernando Menezes integrou painel do CEO Time ao lado de executivos de grandes redes do setor<\/em><\/p>\n<p><strong>S\u00e3o Paulo, setembro de 2026 &#8211;\u00a0<\/strong>A Selfit Academias, \u00a0uma das maiores redes da Am\u00e9rica Latina, participou da Fitness Brasil Expo 2026, realizada de 27 a 29 de agosto, no Transam\u00e9rica Expo Center, em S\u00e3o Paulo. O CEO da companhia, Fernando Menezes, foi um dos convidados do CEO Time, programa\u00e7\u00e3o da Confer\u00eancia de Gest\u00e3o &#038; Neg\u00f3cios que reuniu lideran\u00e7as do setor .<\/p>\n<p>Menezes dividiu a mesa com os representantes das principais redes de academias, em um bate-papo sobre gest\u00e3o, trajet\u00f3ria empresarial e os fatores que contribuem para a evolu\u00e7\u00e3o do mercado.<\/p>\n<p>Durante a conversa, o executivo apresentou a experi\u00eancia da Selfit e a estrat\u00e9gia adotada pela companhia para ampliar sua presen\u00e7a no pa\u00eds, que visa chegar a 250 unidades at\u00e9 o final de 2026, entre opera\u00e7\u00f5es pr\u00f3prias e franquias. \u00a0\u201cPara crescer no segmento, \u00e9 preciso ter uma opera\u00e7\u00e3o eficiente, conhecer o consumidor e manter a qualidade \u00e0 medida que a empresa ganha escala\u201d, afirma.<\/p>\n<p>A Fitness Brasil Expo, uma das principais feiras do setor fitness no pa\u00eds, re\u00fane anualmente marcas, gestores, profissionais e especialistas, promovendo relacionamento e troca de ideias e conhecimentos. \u00a0\u201cEventos como este s\u00e3o importantes para acompanhar as transforma\u00e7\u00f5es da \u00e1rea, compartilhar experi\u00eancias com outros l\u00edderes e identificar oportunidades de neg\u00f3cios mais alinhadas \u00e0s necessidades dos alunos\u201d, \u00a0completa Menezes.<\/p>\n<p><strong>Sobre a Selfit Academias:<\/strong><\/p>\n<p>Em 2012, os fundadores Nelson Lins e Leonardo Pereira inauguraram em Salvador (BA), a primeira unidade do que se tornaria a Selfit Academias, uma das maiores redes da Am\u00e9rica Latina. Em 2015, j\u00e1 com cinco unidades, a empresa se associou ao fundo H.I.G. Capital, elevando o neg\u00f3cio a uma nova escala e acelerando o seu crescimento. A Selfit \u00e9 uma rede de academias que cresce a cada ano. Est\u00e1 presente em quase todos os estados do Brasil, incluindo academias em implanta\u00e7\u00e3o que totalizam 250 unidades, j\u00e1 dispon\u00edveis no site oficial da marca. O principal prop\u00f3sito da marca \u00e9 estar conectada \u00e0 jornada de vida de cada pessoa. O objetivo da empresa \u00e9 despertar em todos a paix\u00e3o pelo movimento, respeitando as metas individuais. A Selfit Academias possui um time com sinergia, obstinado em entregar resultados com esmero e aten\u00e7\u00e3o aos detalhes, assegurando as melhores experi\u00eancias em seus empreendimentos.\u00a0<\/p>\n<p>Em julho de 2021, a Selfit realizou um aporte na startup Weburn, considerada a \u2018Netflix\u2019 da vida saud\u00e1vel. O aplicativo j\u00e1 oferecia treinos, dicas de alimenta\u00e7\u00e3o e videoaulas, agora investe em uma linha pr\u00f3pria de produtos nutricionais. A Weburn come\u00e7ou sua hist\u00f3ria em 2017, com o objetivo de levar uma melhor qualidade de vida para o maior n\u00famero de pessoas atrav\u00e9s de conte\u00fados fitness, sa\u00fade e bem-estar. Atualmente, a startup conta com mais de 500 mil usu\u00e1rios. No segundo semestre de 2024 e 2025, a Selfit conquistou o selo Great Place to Work, chancela tamb\u00e9m conhecida como GPTW. A certifica\u00e7\u00e3o, considerada uma das principais refer\u00eancias mundiais em cultura organizacional, oferece a possibilidade de os colaboradores das empresas avaliarem a companhia por meio de pesquisas de diagn\u00f3stico.<\/p>\n<p>Mais informa\u00e7\u00f5es:<a href=\"http:\/\/www.selfitacademias.com.br\/\" target=\"_blank\" rel=\"noreferrer noopener\">\u00a0www.selfitacademias.com.br<\/a><\/p>\n<p><\/p>\n","protected":false},"excerpt":{"rendered":"<p>CEO Fernando Menezes integrou painel do CEO Time ao lado de executivos de grandes redes do setor S\u00e3o Paulo, setembro de 2026 \u2013\u00a0A Selfit Academias, \u00a0uma das maiores redes da Am\u00e9rica Latina, participou da Fitness Brasil Expo 2026, realizada de 27 a 29 de agosto, no Transam\u00e9rica Expo Center, em S\u00e3o Paulo. O CEO da [\u2026]<\/p>\n","protected":false},"author":2,"featured_media":11087,"comment_status":"closed","ping_status":"open","sticky":false,"template":"","format":"standard","meta":{"footnotes":""},"categories":[320],"tags":[],"class_list":["post-11088","post","type-post","status-publish","format-standard","has-post-thumbnail","hentry","category-diversos"],"yoast_head":"<!-- This site is optimized with the Yoast SEO plugin v25.5 - https:\/\/yoast.com\/wordpress\/plugins\/seo\/ -->\n<title>Selfit participa da Fitness Brasil Expo 2026 com foco em gest\u00e3o e expans\u00e3o - Portal do Estado<\/title>\n<meta name=\"robots\" content=\"index, follow, max-snippet:-1, max-image-preview:large, max-video-preview:-1\" \/>\n<link rel=\"canonical\" href=\"https:\/\/portaldoestado.com.br\/index.php\/2026\/09\/02\/selfit-participa-da-fitness-brasil-expo-2026-com-foco-em-gestao-e-expansao\/\" \/>\n<meta property=\"og:locale\" content=\"pt_BR\" \/>\n<meta property=\"og:type\" content=\"article\" \/>\n<meta property=\"og:title\" content=\"Selfit participa da Fitness Brasil Expo 2026 com foco em gest\u00e3o e expans\u00e3o - Portal do Estado\" \/>\n<meta property=\"og:description\" content=\"CEO Fernando Menezes integrou painel do CEO Time ao lado de executivos de grandes redes do setor S\u00e3o Paulo, setembro de 2026 \u2013\u00a0A Selfit Academias, \u00a0uma das maiores redes da Am\u00e9rica Latina, participou da Fitness Brasil Expo 2026, realizada de 27 a 29 de agosto, no Transam\u00e9rica Expo Center, em S\u00e3o Paulo. O CEO da [\u2026]\" \/>\n<meta property=\"og:url\" content=\"https:\/\/portaldoestado.com.br\/index.php\/2026\/09\/02\/selfit-participa-da-fitness-brasil-expo-2026-com-foco-em-gestao-e-expansao\/\" \/>\n<meta property=\"og:site_name\" content=\"Portal do Estado\" \/>\n<meta property=\"article:published_time\" content=\"2026-09-02T13:57:53+00:00\" \/>\n<meta property=\"og:image\" content=\"https:\/\/portaldoestado.com.br\/wp-content\/uploads\/2026\/09\/self.jpg\" \/>\n\t<meta property=\"og:image:width\" content=\"1600\" \/>\n\t<meta property=\"og:image:height\" content=\"1066\" \/>\n\t<meta property=\"og:image:type\" content=\"image\/jpeg\" \/>\n<meta name=\"author\" content=\"assessoriadefamosos\" \/>\n<meta name=\"twitter:card\" content=\"summary_large_image\" \/>\n<meta name=\"twitter:label1\" content=\"Escrito por\" \/>\n\t<meta name=\"twitter:data1\" content=\"assessoriadefamosos\" \/>\n\t<meta name=\"twitter:label2\" content=\"Est. tempo de leitura\" \/>\n\t<meta name=\"twitter:data2\" content=\"3 minutos\" \/>\n<script type=\"application\/ld+json\" class=\"yoast-schema-graph\">{\"@context\":\"https:\/\/schema.org\",\"@graph\":[{\"@type\":\"Article\",\"@id\":\"https:\/\/portaldoestado.com.br\/index.php\/2026\/09\/02\/selfit-participa-da-fitness-brasil-expo-2026-com-foco-em-gestao-e-expansao\/#article\",\"isPartOf\":{\"@id\":\"https:\/\/portaldoestado.com.br\/index.php\/2026\/09\/02\/selfit-participa-da-fitness-brasil-expo-2026-com-foco-em-gestao-e-expansao\/\"},\"author\":{\"name\":\"assessoriadefamosos\",\"@id\":\"https:\/\/portaldoestado.com.br\/#\/schema\/person\/5ca0174f3c8c84b59da62ea14b698cb9\"},\"headline\":\"Selfit participa da Fitness Brasil Expo 2026 com foco em gest\u00e3o e expans\u00e3o\",\"datePublished\":\"2026-09-02T13:57:53+00:00\",\"mainEntityOfPage\":{\"@id\":\"https:\/\/portaldoestado.com.br\/index.php\/2026\/09\/02\/selfit-participa-da-fitness-brasil-expo-2026-com-foco-em-gestao-e-expansao\/\"},\"wordCount\":555,\"publisher\":{\"@id\":\"https:\/\/portaldoestado.com.br\/#organization\"},\"image\":{\"@id\":\"https:\/\/portaldoestado.com.br\/index.php\/2026\/09\/02\/selfit-participa-da-fitness-brasil-expo-2026-com-foco-em-gestao-e-expansao\/#primaryimage\"},\"thumbnailUrl\":\"https:\/\/portaldoestado.com.br\/wp-content\/uploads\/2026\/09\/self.jpg\",\"articleSection\":[\"Diversos\"],\"inLanguage\":\"pt-BR\"},{\"@type\":\"WebPage\",\"@id\":\"https:\/\/portaldoestado.com.br\/index.php\/2026\/09\/02\/selfit-participa-da-fitness-brasil-expo-2026-com-foco-em-gestao-e-expansao\/\",\"url\":\"https:\/\/portaldoestado.com.br\/index.php\/2026\/09\/02\/selfit-participa-da-fitness-brasil-expo-2026-com-foco-em-gestao-e-expansao\/\",\"name\":\"Selfit participa da Fitness Brasil Expo 2026 com foco em gest\u00e3o e expans\u00e3o - Portal do Estado\",\"isPartOf\":{\"@id\":\"https:\/\/portaldoestado.com.br\/#website\"},\"primaryImageOfPage\":{\"@id\":\"https:\/\/portaldoestado.com.br\/index.php\/2026\/09\/02\/selfit-participa-da-fitness-brasil-expo-2026-com-foco-em-gestao-e-expansao\/#primaryimage\"},\"image\":{\"@id\":\"https:\/\/portaldoestado.com.br\/index.php\/2026\/09\/02\/selfit-participa-da-fitness-brasil-expo-2026-com-foco-em-gestao-e-expansao\/#primaryimage\"},\"thumbnailUrl\":\"https:\/\/portaldoestado.com.br\/wp-content\/uploads\/2026\/09\/self.jpg\",\"datePublished\":\"2026-09-02T13:57:53+00:00\",\"breadcrumb\":{\"@id\":\"https:\/\/portaldoestado.com.br\/index.php\/2026\/09\/02\/selfit-participa-da-fitness-brasil-expo-2026-com-foco-em-gestao-e-expansao\/#breadcrumb\"},\"inLanguage\":\"pt-BR\",\"potentialAction\":[{\"@type\":\"ReadAction\",\"target\":[\"https:\/\/portaldoestado.com.br\/index.php\/2026\/09\/02\/selfit-participa-da-fitness-brasil-expo-2026-com-foco-em-gestao-e-expansao\/\"]}]},{\"@type\":\"ImageObject\",\"inLanguage\":\"pt-BR\",\"@id\":\"https:\/\/portaldoestado.com.br\/index.php\/2026\/09\/02\/selfit-participa-da-fitness-brasil-expo-2026-com-foco-em-gestao-e-expansao\/#primaryimage\",\"url\":\"https:\/\/portaldoestado.com.br\/wp-content\/uploads\/2026\/09\/self.jpg\",\"contentUrl\":\"https:\/\/portaldoestado.com.br\/wp-content\/uploads\/2026\/09\/self.jpg\",\"width\":1600,\"height\":1066},{\"@type\":\"BreadcrumbList\",\"@id\":\"https:\/\/portaldoestado.com.br\/index.php\/2026\/09\/02\/selfit-participa-da-fitness-brasil-expo-2026-com-foco-em-gestao-e-expansao\/#breadcrumb\",\"itemListElement\":[{\"@type\":\"ListItem\",\"position\":1,\"name\":\"In\u00edcio\",\"item\":\"https:\/\/portaldoestado.com.br\/\"},{\"@type\":\"ListItem\",\"position\":2,\"name\":\"Selfit participa da Fitness Brasil Expo 2026 com foco em gest\u00e3o e expans\u00e3o\"}]},{\"@type\":\"WebSite\",\"@id\":\"https:\/\/portaldoestado.com.br\/#website\",\"url\":\"https:\/\/portaldoestado.com.br\/\",\"name\":\"Portal do Estado\",\"description\":\"\",\"publisher\":{\"@id\":\"https:\/\/portaldoestado.com.br\/#organization\"},\"potentialAction\":[{\"@type\":\"SearchAction\",\"target\":{\"@type\":\"EntryPoint\",\"urlTemplate\":\"https:\/\/portaldoestado.com.br\/?s={search_term_string}\"},\"query-input\":{\"@type\":\"PropertyValueSpecification\",\"valueRequired\":true,\"valueName\":\"search_term_string\"}}],\"inLanguage\":\"pt-BR\"},{\"@type\":\"Organization\",\"@id\":\"https:\/\/portaldoestado.com.br\/#organization\",\"name\":\"Portal do Estado\",\"url\":\"https:\/\/portaldoestado.com.br\/\",\"logo\":{\"@type\":\"ImageObject\",\"inLanguage\":\"pt-BR\",\"@id\":\"https:\/\/portaldoestado.com.br\/#\/schema\/logo\/image\/\",\"url\":\"https:\/\/portaldoestado.com.br\/wp-content\/uploads\/2025\/04\/cropped-6f69b19a-6472-43bf-b1b3-e1910bbbd4e8.png\",\"contentUrl\":\"https:\/\/portaldoestado.com.br\/wp-content\/uploads\/2025\/04\/cropped-6f69b19a-6472-43bf-b1b3-e1910bbbd4e8.png\",\"width\":1024,\"height\":350,\"caption\":\"Portal do Estado\"},\"image\":{\"@id\":\"https:\/\/portaldoestado.com.br\/#\/schema\/logo\/image\/\"}},{\"@type\":\"Person\",\"@id\":\"https:\/\/portaldoestado.com.br\/#\/schema\/person\/5ca0174f3c8c84b59da62ea14b698cb9\",\"name\":\"assessoriadefamosos\",\"image\":{\"@type\":\"ImageObject\",\"inLanguage\":\"pt-BR\",\"@id\":\"https:\/\/portaldoestado.com.br\/#\/schema\/person\/image\/\",\"url\":\"https:\/\/secure.gravatar.com\/avatar\/a7acbdffcfbbae7240e59f47fe511ec5f5d8c252c779f0b8d9ab02a9e1d8c5ed?s=96&d=mm&r=g\",\"contentUrl\":\"https:\/\/secure.gravatar.com\/avatar\/a7acbdffcfbbae7240e59f47fe511ec5f5d8c252c779f0b8d9ab02a9e1d8c5ed?s=96&d=mm&r=g\",\"caption\":\"assessoriadefamosos\"},\"url\":\"https:\/\/portaldoestado.com.br\/index.php\/author\/assessoriadefamosos\/\"}]}<\/script>\n<!-- \/ Yoast SEO plugin. -->","yoast_head_json":{"title":"Selfit participa da Fitness Brasil Expo 2026 com foco em gest\u00e3o e expans\u00e3o - Portal do Estado","robots":{"index":"index","follow":"follow","max-snippet":"max-snippet:-1","max-image-preview":"max-image-preview:large","max-video-preview":"max-video-preview:-1"},"canonical":"https:\/\/portaldoestado.com.br\/index.php\/2026\/09\/02\/selfit-participa-da-fitness-brasil-expo-2026-com-foco-em-gestao-e-expansao\/","og_locale":"pt_BR","og_type":"article","og_title":"Selfit participa da Fitness Brasil Expo 2026 com foco em gest\u00e3o e expans\u00e3o - Portal do Estado","og_description":"CEO Fernando Menezes integrou painel do CEO Time ao lado de executivos de grandes redes do setor S\u00e3o Paulo, setembro de 2026 \u2013\u00a0A Selfit Academias, \u00a0uma das maiores redes da Am\u00e9rica Latina, participou da Fitness Brasil Expo 2026, realizada de 27 a 29 de agosto, no Transam\u00e9rica Expo Center, em S\u00e3o Paulo. O CEO da [\u2026]","og_url":"https:\/\/portaldoestado.com.br\/index.php\/2026\/09\/02\/selfit-participa-da-fitness-brasil-expo-2026-com-foco-em-gestao-e-expansao\/","og_site_name":"Portal do Estado","article_published_time":"2026-09-02T13:57:53+00:00","og_image":[{"width":1600,"height":1066,"url":"https:\/\/portaldoestado.com.br\/wp-content\/uploads\/2026\/09\/self.jpg","type":"image\/jpeg"}],"author":"assessoriadefamosos","twitter_card":"summary_large_image","twitter_misc":{"Escrito por":"assessoriadefamosos","Est. tempo de leitura":"3 minutos"},"schema":{"@context":"https:\/\/schema.org","@graph":[{"@type":"Article","@id":"https:\/\/portaldoestado.com.br\/index.php\/2026\/09\/02\/selfit-participa-da-fitness-brasil-expo-2026-com-foco-em-gestao-e-expansao\/#article","isPartOf":{"@id":"https:\/\/portaldoestado.com.br\/index.php\/2026\/09\/02\/selfit-participa-da-fitness-brasil-expo-2026-com-foco-em-gestao-e-expansao\/"},"author":{"name":"assessoriadefamosos","@id":"https:\/\/portaldoestado.com.br\/#\/schema\/person\/5ca0174f3c8c84b59da62ea14b698cb9"},"headline":"Selfit participa da Fitness Brasil Expo 2026 com foco em gest\u00e3o e expans\u00e3o","datePublished":"2026-09-02T13:57:53+00:00","mainEntityOfPage":{"@id":"https:\/\/portaldoestado.com.br\/index.php\/2026\/09\/02\/selfit-participa-da-fitness-brasil-expo-2026-com-foco-em-gestao-e-expansao\/"},"wordCount":555,"publisher":{"@id":"https:\/\/portaldoestado.com.br\/#organization"},"image":{"@id":"https:\/\/portaldoestado.com.br\/index.php\/2026\/09\/02\/selfit-participa-da-fitness-brasil-expo-2026-com-foco-em-gestao-e-expansao\/#primaryimage"},"thumbnailUrl":"https:\/\/portaldoestado.com.br\/wp-content\/uploads\/2026\/09\/self.jpg","articleSection":["Diversos"],"inLanguage":"pt-BR"},{"@type":"WebPage","@id":"https:\/\/portaldoestado.com.br\/index.php\/2026\/09\/02\/selfit-participa-da-fitness-brasil-expo-2026-com-foco-em-gestao-e-expansao\/","url":"https:\/\/portaldoestado.com.br\/index.php\/2026\/09\/02\/selfit-participa-da-fitness-brasil-expo-2026-com-foco-em-gestao-e-expansao\/","name":"Selfit participa da Fitness Brasil Expo 2026 com foco em gest\u00e3o e expans\u00e3o - Portal do Estado","isPartOf":{"@id":"https:\/\/portaldoestado.com.br\/#website"},"primaryImageOfPage":{"@id":"https:\/\/portaldoestado.com.br\/index.php\/2026\/09\/02\/selfit-participa-da-fitness-brasil-expo-2026-com-foco-em-gestao-e-expansao\/#primaryimage"},"image":{"@id":"https:\/\/portaldoestado.com.br\/index.php\/2026\/09\/02\/selfit-participa-da-fitness-brasil-expo-2026-com-foco-em-gestao-e-expansao\/#primaryimage"},"thumbnailUrl":"https:\/\/portaldoestado.com.br\/wp-content\/uploads\/2026\/09\/self.jpg","datePublished":"2026-09-02T13:57:53+00:00","breadcrumb":{"@id":"https:\/\/portaldoestado.com.br\/index.php\/2026\/09\/02\/selfit-participa-da-fitness-brasil-expo-2026-com-foco-em-gestao-e-expansao\/#breadcrumb"},"inLanguage":"pt-BR","potentialAction":[{"@type":"ReadAction","target":["https:\/\/portaldoestado.com.br\/index.php\/2026\/09\/02\/selfit-participa-da-fitness-brasil-expo-2026-com-foco-em-gestao-e-expansao\/"]}]},{"@type":"ImageObject","inLanguage":"pt-BR","@id":"https:\/\/portaldoestado.com.br\/index.php\/2026\/09\/02\/selfit-participa-da-fitness-brasil-expo-2026-com-foco-em-gestao-e-expansao\/#primaryimage","url":"https:\/\/portaldoestado.com.br\/wp-content\/uploads\/2026\/09\/self.jpg","contentUrl":"https:\/\/portaldoestado.com.br\/wp-content\/uploads\/2026\/09\/self.jpg","width":1600,"height":1066},{"@type":"BreadcrumbList","@id":"https:\/\/portaldoestado.com.br\/index.php\/2026\/09\/02\/selfit-participa-da-fitness-brasil-expo-2026-com-foco-em-gestao-e-expansao\/#breadcrumb","itemListElement":[{"@type":"ListItem","position":1,"name":"In\u00edcio","item":"https:\/\/portaldoestado.com.br\/"},{"@type":"ListItem","position":2,"name":"Selfit participa da Fitness Brasil Expo 2026 com foco em gest\u00e3o e expans\u00e3o"}]},{"@type":"WebSite","@id":"https:\/\/portaldoestado.com.br\/#website","url":"https:\/\/portaldoestado.com.br\/","name":"Portal do Estado","description":"","publisher":{"@id":"https:\/\/portaldoestado.com.br\/#organization"},"potentialAction":[{"@type":"SearchAction","target":{"@type":"EntryPoint","urlTemplate":"https:\/\/portaldoestado.com.br\/?s={search_term_string}"},"query-input":{"@type":"PropertyValueSpecification","valueRequired":true,"valueName":"search_term_string"}}],"inLanguage":"pt-BR"},{"@type":"Organization","@id":"https:\/\/portaldoestado.com.br\/#organization","name":"Portal do Estado","url":"https:\/\/portaldoestado.com.br\/","logo":{"@type":"ImageObject","inLanguage":"pt-BR","@id":"https:\/\/portaldoestado.com.br\/#\/schema\/logo\/image\/","url":"https:\/\/portaldoestado.com.br\/wp-content\/uploads\/2025\/04\/cropped-6f69b19a-6472-43bf-b1b3-e1910bbbd4e8.png","contentUrl":"https:\/\/portaldoestado.com.br\/wp-content\/uploads\/2025\/04\/cropped-6f69b19a-6472-43bf-b1b3-e1910bbbd4e8.png","width":1024,"height":350,"caption":"Portal do Estado"},"image":{"@id":"https:\/\/portaldoestado.com.br\/#\/schema\/logo\/image\/"}},{"@type":"Person","@id":"https:\/\/portaldoestado.com.br\/#\/schema\/person\/5ca0174f3c8c84b59da62ea14b698cb9","name":"assessoriadefamosos","image":{"@type":"ImageObject","inLanguage":"pt-BR","@id":"https:\/\/portaldoestado.com.br\/#\/schema\/person\/image\/","url":"https:\/\/secure.gravatar.com\/avatar\/a7acbdffcfbbae7240e59f47fe511ec5f5d8c252c779f0b8d9ab02a9e1d8c5ed?s=96&d=mm&r=g","contentUrl":"https:\/\/secure.gravatar.com\/avatar\/a7acbdffcfbbae7240e59f47fe511ec5f5d8c252c779f0b8d9ab02a9e1d8c5ed?s=96&d=mm&r=g","caption":"assessoriadefamosos"},"url":"https:\/\/portaldoestado.com.br\/index.php\/author\/assessoriadefamosos\/"}]}},"jetpack_featured_media_url":"https:\/\/portaldoestado.com.br\/wp-content\/uploads\/2026\/09\/self.jpg","_links":{"self":[{"href":"https:\/\/portaldoestado.com.br\/index.php\/wp-json\/wp\/v2\/posts\/11088","targetHints":{"allow":["GET"]}}],"collection":[{"href":"https:\/\/portaldoestado.com.br\/index.php\/wp-json\/wp\/v2\/posts"}],"about":[{"href":"https:\/\/portaldoestado.com.br\/index.php\/wp-json\/wp\/v2\/types\/post"}],"author":[{"embeddable":true,"href":"https:\/\/portaldoestado.com.br\/index.php\/wp-json\/wp\/v2\/users\/2"}],"replies":[{"embeddable":true,"href":"https:\/\/portaldoestado.com.br\/index.php\/wp-json\/wp\/v2\/comments?post=11088"}],"version-history":[{"count":1,"href":"https:\/\/portaldoestado.com.br\/index.php\/wp-json\/wp\/v2\/posts\/11088\/revisions"}],"predecessor-version":[{"id":11089,"href":"https:\/\/portaldoestado.com.br\/index.php\/wp-json\/wp\/v2\/posts\/11088\/revisions\/11089"}],"wp:featuredmedia":[{"embeddable":true,"href":"https:\/\/portaldoestado.com.br\/index.php\/wp-json\/wp\/v2\/media\/11087"}],"wp:attachment":[{"href":"https:\/\/portaldoestado.com.br\/index.php\/wp-json\/wp\/v2\/media?parent=11088"}],"wp:term":[{"taxonomy":"category","embeddable":true,"href":"https:\/\/portaldoestado.com.br\/index.php\/wp-json\/wp\/v2\/categories?post=11088"},{"taxonomy":"post_tag","embeddable":true,"href":"https:\/\/portaldoestado.com.br\/index.php\/wp-json\/wp\/v2\/tags?post=11088"}],"curies":[{"name":"wp","href":"https:\/\/api.w.org\/{rel}","templated":true}]}}