{"id":11082,"date":"2026-09-01T18:39:46","date_gmt":"2026-09-01T18:39:46","guid":{"rendered":"https:\/\/portaldoestado.com.br\/?p=11082"},"modified":"2026-09-01T18:39:46","modified_gmt":"2026-09-01T18:39:46","slug":"selfit-academias-e-reconhecida-pelo-quarto-ano-consecutivo-no-ranking-exame-negocios-em-expansao-2026","status":"publish","type":"post","link":"https:\/\/portaldoestado.com.br\/index.php\/2026\/09\/01\/selfit-academias-e-reconhecida-pelo-quarto-ano-consecutivo-no-ranking-exame-negocios-em-expansao-2026\/","title":{"rendered":"Selfit Academias \u00e9 reconhecida pelo quarto ano consecutivo no Ranking EXAME Neg\u00f3cios em Expans\u00e3o 2026"},"content":{"rendered":"<p>A Selfit Academias, uma das maiores redes da Am\u00e9rica Latina, alcan\u00e7ou a 14\u00aa posi\u00e7\u00e3o em sua categoria no Ranking EXAME Neg\u00f3cios em Expans\u00e3o (NEEX) 2026. O reconhecimento, que marca o quarto ano consecutivo da rede na lista, consolida a solidez da estrat\u00e9gia de crescimento da marca no setor fitness brasileiro.<\/p>\n<p>A iniciativa, realizada pela revista\u00a0<a href=\"https:\/\/exame.com\/\" target=\"_blank\" rel=\"noreferrer noopener\">Exame<\/a>\u00a0em parceria com o\u00a0<a href=\"https:\/\/www.btgpactual.com\/\" target=\"_blank\" rel=\"noreferrer noopener\">BTG Pactual<\/a>\u00a0e com suporte t\u00e9cnico da\u00a0<a href=\"https:\/\/www.pwc.com.br\/\" target=\"_blank\" rel=\"noreferrer noopener\">PwC Brasil<\/a>, chegou \u00e0 sua quinta edi\u00e7\u00e3o em 2026 reunindo 491 empresas. O ranking destaca as organiza\u00e7\u00f5es que apresentam os melhores desempenhos em expans\u00e3o de neg\u00f3cios no pa\u00eds.<\/p>\n<p>Para Fernando Menezes, CEO da Selfit Academias, a presen\u00e7a constante no ranking valida o sucesso do modelo de neg\u00f3cio da rede.\u00a0<em>&#8220;Figurar entre as empresas que mais crescem no pa\u00eds, consecutivamente, reflete a efici\u00eancia de nosso modelo e o compromisso inabal\u00e1vel em democratizar o acesso \u00e0 atividade f\u00edsica, com uma expans\u00e3o estruturada e sustent\u00e1vel que conecta a Selfit \u00e0 jornada de vida de cada um de nossos alunos&#8221;<\/em>, comemora o executivo.\u00a0<\/p>\n<p><strong>Sobre a Selfit Academias:<\/strong><\/p>\n<p>Em 2012, os fundadores Nelson Lins e Leonardo Pereira inauguraram em Salvador (BA), a primeira unidade do que se tornaria a Selfit Academias, uma das maiores redes da Am\u00e9rica Latina. Em 2015, j\u00e1 com cinco unidades, a empresa se associou ao fundo H.I.G. Capital, elevando o neg\u00f3cio a uma nova escala e acelerando o seu crescimento. A Selfit \u00e9 uma rede de academias que cresce a cada ano. Est\u00e1 presente em quase todos os estados do Brasil, incluindo academias em implanta\u00e7\u00e3o que totalizam 250 unidades, j\u00e1 dispon\u00edveis no site oficial da marca. O principal prop\u00f3sito da marca \u00e9 estar conectada \u00e0 jornada de vida de cada pessoa. O objetivo da empresa \u00e9 despertar em todos a paix\u00e3o pelo movimento, respeitando as metas individuais. A Selfit Academias possui um time com sinergia, obstinado em entregar resultados com esmero e aten\u00e7\u00e3o aos detalhes, assegurando as melhores experi\u00eancias em seus empreendimentos.\u00a0<\/p>\n<p>Em julho de 2021, a Selfit realizou um aporte na startup Weburn, considerada a \u2018Netflix\u2019 da vida saud\u00e1vel. O aplicativo j\u00e1 oferecia treinos, dicas de alimenta\u00e7\u00e3o e videoaulas, agora investe em uma linha pr\u00f3pria de produtos nutricionais. A Weburn come\u00e7ou sua hist\u00f3ria em 2017, com o objetivo de levar uma melhor qualidade de vida para o maior n\u00famero de pessoas atrav\u00e9s de conte\u00fados fitness, sa\u00fade e bem-estar. Atualmente, a startup conta com mais de 500 mil usu\u00e1rios. No segundo semestre de 2024 e 2025, a Selfit conquistou o selo Great Place to Work, chancela tamb\u00e9m conhecida como GPTW. A certifica\u00e7\u00e3o, considerada uma das principais refer\u00eancias mundiais em cultura organizacional, oferece a possibilidade de os colaboradores das empresas avaliarem a companhia por meio de pesquisas de diagn\u00f3stico.<\/p>\n<p>Mais informa\u00e7\u00f5es:<a href=\"http:\/\/www.selfitacademias.com.br\/\" target=\"_blank\" rel=\"noreferrer noopener\">\u00a0www.selfitacademias.com.br<\/a><\/p>\n<p><\/p>\n","protected":false},"excerpt":{"rendered":"<p>A Selfit Academias, uma das maiores redes da Am\u00e9rica Latina, alcan\u00e7ou a 14\u00aa posi\u00e7\u00e3o em sua categoria no Ranking EXAME Neg\u00f3cios em Expans\u00e3o (NEEX) 2026. O reconhecimento, que marca o quarto ano consecutivo da rede na lista, consolida a solidez da estrat\u00e9gia de crescimento da marca no setor fitness brasileiro. A iniciativa, realizada pela revista\u00a0Exame\u00a0em [\u2026]<\/p>\n","protected":false},"author":2,"featured_media":11081,"comment_status":"closed","ping_status":"open","sticky":false,"template":"","format":"standard","meta":{"footnotes":""},"categories":[320,7],"tags":[],"class_list":["post-11082","post","type-post","status-publish","format-standard","has-post-thumbnail","hentry","category-diversos","category-eventos"],"yoast_head":"<!-- This site is optimized with the Yoast SEO plugin v25.5 - https:\/\/yoast.com\/wordpress\/plugins\/seo\/ -->\n<title>Selfit Academias \u00e9 reconhecida pelo quarto ano consecutivo no Ranking EXAME Neg\u00f3cios em Expans\u00e3o 2026 - Portal do Estado<\/title>\n<meta name=\"robots\" content=\"index, follow, max-snippet:-1, max-image-preview:large, max-video-preview:-1\" \/>\n<link rel=\"canonical\" href=\"https:\/\/portaldoestado.com.br\/index.php\/2026\/09\/01\/selfit-academias-e-reconhecida-pelo-quarto-ano-consecutivo-no-ranking-exame-negocios-em-expansao-2026\/\" \/>\n<meta property=\"og:locale\" content=\"pt_BR\" \/>\n<meta property=\"og:type\" content=\"article\" \/>\n<meta property=\"og:title\" content=\"Selfit Academias \u00e9 reconhecida pelo quarto ano consecutivo no Ranking EXAME Neg\u00f3cios em Expans\u00e3o 2026 - Portal do Estado\" \/>\n<meta property=\"og:description\" content=\"A Selfit Academias, uma das maiores redes da Am\u00e9rica Latina, alcan\u00e7ou a 14\u00aa posi\u00e7\u00e3o em sua categoria no Ranking EXAME Neg\u00f3cios em Expans\u00e3o (NEEX) 2026. O reconhecimento, que marca o quarto ano consecutivo da rede na lista, consolida a solidez da estrat\u00e9gia de crescimento da marca no setor fitness brasileiro. A iniciativa, realizada pela revista\u00a0Exame\u00a0em [\u2026]\" \/>\n<meta property=\"og:url\" content=\"https:\/\/portaldoestado.com.br\/index.php\/2026\/09\/01\/selfit-academias-e-reconhecida-pelo-quarto-ano-consecutivo-no-ranking-exame-negocios-em-expansao-2026\/\" \/>\n<meta property=\"og:site_name\" content=\"Portal do Estado\" \/>\n<meta property=\"article:published_time\" content=\"2026-09-01T18:39:46+00:00\" \/>\n<meta property=\"og:image\" content=\"https:\/\/portaldoestado.com.br\/wp-content\/uploads\/2026\/09\/Fernando-Meneses-CEO-da-Selfit.jpeg\" \/>\n\t<meta property=\"og:image:width\" content=\"1200\" \/>\n\t<meta property=\"og:image:height\" content=\"1041\" \/>\n\t<meta property=\"og:image:type\" content=\"image\/jpeg\" \/>\n<meta name=\"author\" content=\"assessoriadefamosos\" \/>\n<meta name=\"twitter:card\" content=\"summary_large_image\" \/>\n<meta name=\"twitter:label1\" content=\"Escrito por\" \/>\n\t<meta name=\"twitter:data1\" content=\"assessoriadefamosos\" \/>\n\t<meta name=\"twitter:label2\" content=\"Est. tempo de leitura\" \/>\n\t<meta name=\"twitter:data2\" content=\"2 minutos\" \/>\n<script type=\"application\/ld+json\" class=\"yoast-schema-graph\">{\"@context\":\"https:\/\/schema.org\",\"@graph\":[{\"@type\":\"Article\",\"@id\":\"https:\/\/portaldoestado.com.br\/index.php\/2026\/09\/01\/selfit-academias-e-reconhecida-pelo-quarto-ano-consecutivo-no-ranking-exame-negocios-em-expansao-2026\/#article\",\"isPartOf\":{\"@id\":\"https:\/\/portaldoestado.com.br\/index.php\/2026\/09\/01\/selfit-academias-e-reconhecida-pelo-quarto-ano-consecutivo-no-ranking-exame-negocios-em-expansao-2026\/\"},\"author\":{\"name\":\"assessoriadefamosos\",\"@id\":\"https:\/\/portaldoestado.com.br\/#\/schema\/person\/5ca0174f3c8c84b59da62ea14b698cb9\"},\"headline\":\"Selfit Academias \u00e9 reconhecida pelo quarto ano consecutivo no Ranking EXAME Neg\u00f3cios em Expans\u00e3o 2026\",\"datePublished\":\"2026-09-01T18:39:46+00:00\",\"mainEntityOfPage\":{\"@id\":\"https:\/\/portaldoestado.com.br\/index.php\/2026\/09\/01\/selfit-academias-e-reconhecida-pelo-quarto-ano-consecutivo-no-ranking-exame-negocios-em-expansao-2026\/\"},\"wordCount\":491,\"publisher\":{\"@id\":\"https:\/\/portaldoestado.com.br\/#organization\"},\"image\":{\"@id\":\"https:\/\/portaldoestado.com.br\/index.php\/2026\/09\/01\/selfit-academias-e-reconhecida-pelo-quarto-ano-consecutivo-no-ranking-exame-negocios-em-expansao-2026\/#primaryimage\"},\"thumbnailUrl\":\"https:\/\/portaldoestado.com.br\/wp-content\/uploads\/2026\/09\/Fernando-Meneses-CEO-da-Selfit.jpeg\",\"articleSection\":[\"Diversos\",\"Eventos\"],\"inLanguage\":\"pt-BR\"},{\"@type\":\"WebPage\",\"@id\":\"https:\/\/portaldoestado.com.br\/index.php\/2026\/09\/01\/selfit-academias-e-reconhecida-pelo-quarto-ano-consecutivo-no-ranking-exame-negocios-em-expansao-2026\/\",\"url\":\"https:\/\/portaldoestado.com.br\/index.php\/2026\/09\/01\/selfit-academias-e-reconhecida-pelo-quarto-ano-consecutivo-no-ranking-exame-negocios-em-expansao-2026\/\",\"name\":\"Selfit Academias \u00e9 reconhecida pelo quarto ano consecutivo no Ranking EXAME Neg\u00f3cios em Expans\u00e3o 2026 - Portal do Estado\",\"isPartOf\":{\"@id\":\"https:\/\/portaldoestado.com.br\/#website\"},\"primaryImageOfPage\":{\"@id\":\"https:\/\/portaldoestado.com.br\/index.php\/2026\/09\/01\/selfit-academias-e-reconhecida-pelo-quarto-ano-consecutivo-no-ranking-exame-negocios-em-expansao-2026\/#primaryimage\"},\"image\":{\"@id\":\"https:\/\/portaldoestado.com.br\/index.php\/2026\/09\/01\/selfit-academias-e-reconhecida-pelo-quarto-ano-consecutivo-no-ranking-exame-negocios-em-expansao-2026\/#primaryimage\"},\"thumbnailUrl\":\"https:\/\/portaldoestado.com.br\/wp-content\/uploads\/2026\/09\/Fernando-Meneses-CEO-da-Selfit.jpeg\",\"datePublished\":\"2026-09-01T18:39:46+00:00\",\"breadcrumb\":{\"@id\":\"https:\/\/portaldoestado.com.br\/index.php\/2026\/09\/01\/selfit-academias-e-reconhecida-pelo-quarto-ano-consecutivo-no-ranking-exame-negocios-em-expansao-2026\/#breadcrumb\"},\"inLanguage\":\"pt-BR\",\"potentialAction\":[{\"@type\":\"ReadAction\",\"target\":[\"https:\/\/portaldoestado.com.br\/index.php\/2026\/09\/01\/selfit-academias-e-reconhecida-pelo-quarto-ano-consecutivo-no-ranking-exame-negocios-em-expansao-2026\/\"]}]},{\"@type\":\"ImageObject\",\"inLanguage\":\"pt-BR\",\"@id\":\"https:\/\/portaldoestado.com.br\/index.php\/2026\/09\/01\/selfit-academias-e-reconhecida-pelo-quarto-ano-consecutivo-no-ranking-exame-negocios-em-expansao-2026\/#primaryimage\",\"url\":\"https:\/\/portaldoestado.com.br\/wp-content\/uploads\/2026\/09\/Fernando-Meneses-CEO-da-Selfit.jpeg\",\"contentUrl\":\"https:\/\/portaldoestado.com.br\/wp-content\/uploads\/2026\/09\/Fernando-Meneses-CEO-da-Selfit.jpeg\",\"width\":1200,\"height\":1041},{\"@type\":\"BreadcrumbList\",\"@id\":\"https:\/\/portaldoestado.com.br\/index.php\/2026\/09\/01\/selfit-academias-e-reconhecida-pelo-quarto-ano-consecutivo-no-ranking-exame-negocios-em-expansao-2026\/#breadcrumb\",\"itemListElement\":[{\"@type\":\"ListItem\",\"position\":1,\"name\":\"In\u00edcio\",\"item\":\"https:\/\/portaldoestado.com.br\/\"},{\"@type\":\"ListItem\",\"position\":2,\"name\":\"Selfit Academias \u00e9 reconhecida pelo quarto ano consecutivo no Ranking EXAME Neg\u00f3cios em Expans\u00e3o 2026\"}]},{\"@type\":\"WebSite\",\"@id\":\"https:\/\/portaldoestado.com.br\/#website\",\"url\":\"https:\/\/portaldoestado.com.br\/\",\"name\":\"Portal do Estado\",\"description\":\"\",\"publisher\":{\"@id\":\"https:\/\/portaldoestado.com.br\/#organization\"},\"potentialAction\":[{\"@type\":\"SearchAction\",\"target\":{\"@type\":\"EntryPoint\",\"urlTemplate\":\"https:\/\/portaldoestado.com.br\/?s={search_term_string}\"},\"query-input\":{\"@type\":\"PropertyValueSpecification\",\"valueRequired\":true,\"valueName\":\"search_term_string\"}}],\"inLanguage\":\"pt-BR\"},{\"@type\":\"Organization\",\"@id\":\"https:\/\/portaldoestado.com.br\/#organization\",\"name\":\"Portal do Estado\",\"url\":\"https:\/\/portaldoestado.com.br\/\",\"logo\":{\"@type\":\"ImageObject\",\"inLanguage\":\"pt-BR\",\"@id\":\"https:\/\/portaldoestado.com.br\/#\/schema\/logo\/image\/\",\"url\":\"https:\/\/portaldoestado.com.br\/wp-content\/uploads\/2025\/04\/cropped-6f69b19a-6472-43bf-b1b3-e1910bbbd4e8.png\",\"contentUrl\":\"https:\/\/portaldoestado.com.br\/wp-content\/uploads\/2025\/04\/cropped-6f69b19a-6472-43bf-b1b3-e1910bbbd4e8.png\",\"width\":1024,\"height\":350,\"caption\":\"Portal do Estado\"},\"image\":{\"@id\":\"https:\/\/portaldoestado.com.br\/#\/schema\/logo\/image\/\"}},{\"@type\":\"Person\",\"@id\":\"https:\/\/portaldoestado.com.br\/#\/schema\/person\/5ca0174f3c8c84b59da62ea14b698cb9\",\"name\":\"assessoriadefamosos\",\"image\":{\"@type\":\"ImageObject\",\"inLanguage\":\"pt-BR\",\"@id\":\"https:\/\/portaldoestado.com.br\/#\/schema\/person\/image\/\",\"url\":\"https:\/\/secure.gravatar.com\/avatar\/a7acbdffcfbbae7240e59f47fe511ec5f5d8c252c779f0b8d9ab02a9e1d8c5ed?s=96&d=mm&r=g\",\"contentUrl\":\"https:\/\/secure.gravatar.com\/avatar\/a7acbdffcfbbae7240e59f47fe511ec5f5d8c252c779f0b8d9ab02a9e1d8c5ed?s=96&d=mm&r=g\",\"caption\":\"assessoriadefamosos\"},\"url\":\"https:\/\/portaldoestado.com.br\/index.php\/author\/assessoriadefamosos\/\"}]}<\/script>\n<!-- \/ Yoast SEO plugin. -->","yoast_head_json":{"title":"Selfit Academias \u00e9 reconhecida pelo quarto ano consecutivo no Ranking EXAME Neg\u00f3cios em Expans\u00e3o 2026 - Portal do Estado","robots":{"index":"index","follow":"follow","max-snippet":"max-snippet:-1","max-image-preview":"max-image-preview:large","max-video-preview":"max-video-preview:-1"},"canonical":"https:\/\/portaldoestado.com.br\/index.php\/2026\/09\/01\/selfit-academias-e-reconhecida-pelo-quarto-ano-consecutivo-no-ranking-exame-negocios-em-expansao-2026\/","og_locale":"pt_BR","og_type":"article","og_title":"Selfit Academias \u00e9 reconhecida pelo quarto ano consecutivo no Ranking EXAME Neg\u00f3cios em Expans\u00e3o 2026 - Portal do Estado","og_description":"A Selfit Academias, uma das maiores redes da Am\u00e9rica Latina, alcan\u00e7ou a 14\u00aa posi\u00e7\u00e3o em sua categoria no Ranking EXAME Neg\u00f3cios em Expans\u00e3o (NEEX) 2026. O reconhecimento, que marca o quarto ano consecutivo da rede na lista, consolida a solidez da estrat\u00e9gia de crescimento da marca no setor fitness brasileiro. A iniciativa, realizada pela revista\u00a0Exame\u00a0em [\u2026]","og_url":"https:\/\/portaldoestado.com.br\/index.php\/2026\/09\/01\/selfit-academias-e-reconhecida-pelo-quarto-ano-consecutivo-no-ranking-exame-negocios-em-expansao-2026\/","og_site_name":"Portal do Estado","article_published_time":"2026-09-01T18:39:46+00:00","og_image":[{"width":1200,"height":1041,"url":"https:\/\/portaldoestado.com.br\/wp-content\/uploads\/2026\/09\/Fernando-Meneses-CEO-da-Selfit.jpeg","type":"image\/jpeg"}],"author":"assessoriadefamosos","twitter_card":"summary_large_image","twitter_misc":{"Escrito por":"assessoriadefamosos","Est. tempo de leitura":"2 minutos"},"schema":{"@context":"https:\/\/schema.org","@graph":[{"@type":"Article","@id":"https:\/\/portaldoestado.com.br\/index.php\/2026\/09\/01\/selfit-academias-e-reconhecida-pelo-quarto-ano-consecutivo-no-ranking-exame-negocios-em-expansao-2026\/#article","isPartOf":{"@id":"https:\/\/portaldoestado.com.br\/index.php\/2026\/09\/01\/selfit-academias-e-reconhecida-pelo-quarto-ano-consecutivo-no-ranking-exame-negocios-em-expansao-2026\/"},"author":{"name":"assessoriadefamosos","@id":"https:\/\/portaldoestado.com.br\/#\/schema\/person\/5ca0174f3c8c84b59da62ea14b698cb9"},"headline":"Selfit Academias \u00e9 reconhecida pelo quarto ano consecutivo no Ranking EXAME Neg\u00f3cios em Expans\u00e3o 2026","datePublished":"2026-09-01T18:39:46+00:00","mainEntityOfPage":{"@id":"https:\/\/portaldoestado.com.br\/index.php\/2026\/09\/01\/selfit-academias-e-reconhecida-pelo-quarto-ano-consecutivo-no-ranking-exame-negocios-em-expansao-2026\/"},"wordCount":491,"publisher":{"@id":"https:\/\/portaldoestado.com.br\/#organization"},"image":{"@id":"https:\/\/portaldoestado.com.br\/index.php\/2026\/09\/01\/selfit-academias-e-reconhecida-pelo-quarto-ano-consecutivo-no-ranking-exame-negocios-em-expansao-2026\/#primaryimage"},"thumbnailUrl":"https:\/\/portaldoestado.com.br\/wp-content\/uploads\/2026\/09\/Fernando-Meneses-CEO-da-Selfit.jpeg","articleSection":["Diversos","Eventos"],"inLanguage":"pt-BR"},{"@type":"WebPage","@id":"https:\/\/portaldoestado.com.br\/index.php\/2026\/09\/01\/selfit-academias-e-reconhecida-pelo-quarto-ano-consecutivo-no-ranking-exame-negocios-em-expansao-2026\/","url":"https:\/\/portaldoestado.com.br\/index.php\/2026\/09\/01\/selfit-academias-e-reconhecida-pelo-quarto-ano-consecutivo-no-ranking-exame-negocios-em-expansao-2026\/","name":"Selfit Academias \u00e9 reconhecida pelo quarto ano consecutivo no Ranking EXAME Neg\u00f3cios em Expans\u00e3o 2026 - Portal do Estado","isPartOf":{"@id":"https:\/\/portaldoestado.com.br\/#website"},"primaryImageOfPage":{"@id":"https:\/\/portaldoestado.com.br\/index.php\/2026\/09\/01\/selfit-academias-e-reconhecida-pelo-quarto-ano-consecutivo-no-ranking-exame-negocios-em-expansao-2026\/#primaryimage"},"image":{"@id":"https:\/\/portaldoestado.com.br\/index.php\/2026\/09\/01\/selfit-academias-e-reconhecida-pelo-quarto-ano-consecutivo-no-ranking-exame-negocios-em-expansao-2026\/#primaryimage"},"thumbnailUrl":"https:\/\/portaldoestado.com.br\/wp-content\/uploads\/2026\/09\/Fernando-Meneses-CEO-da-Selfit.jpeg","datePublished":"2026-09-01T18:39:46+00:00","breadcrumb":{"@id":"https:\/\/portaldoestado.com.br\/index.php\/2026\/09\/01\/selfit-academias-e-reconhecida-pelo-quarto-ano-consecutivo-no-ranking-exame-negocios-em-expansao-2026\/#breadcrumb"},"inLanguage":"pt-BR","potentialAction":[{"@type":"ReadAction","target":["https:\/\/portaldoestado.com.br\/index.php\/2026\/09\/01\/selfit-academias-e-reconhecida-pelo-quarto-ano-consecutivo-no-ranking-exame-negocios-em-expansao-2026\/"]}]},{"@type":"ImageObject","inLanguage":"pt-BR","@id":"https:\/\/portaldoestado.com.br\/index.php\/2026\/09\/01\/selfit-academias-e-reconhecida-pelo-quarto-ano-consecutivo-no-ranking-exame-negocios-em-expansao-2026\/#primaryimage","url":"https:\/\/portaldoestado.com.br\/wp-content\/uploads\/2026\/09\/Fernando-Meneses-CEO-da-Selfit.jpeg","contentUrl":"https:\/\/portaldoestado.com.br\/wp-content\/uploads\/2026\/09\/Fernando-Meneses-CEO-da-Selfit.jpeg","width":1200,"height":1041},{"@type":"BreadcrumbList","@id":"https:\/\/portaldoestado.com.br\/index.php\/2026\/09\/01\/selfit-academias-e-reconhecida-pelo-quarto-ano-consecutivo-no-ranking-exame-negocios-em-expansao-2026\/#breadcrumb","itemListElement":[{"@type":"ListItem","position":1,"name":"In\u00edcio","item":"https:\/\/portaldoestado.com.br\/"},{"@type":"ListItem","position":2,"name":"Selfit Academias \u00e9 reconhecida pelo quarto ano consecutivo no Ranking EXAME Neg\u00f3cios em Expans\u00e3o 2026"}]},{"@type":"WebSite","@id":"https:\/\/portaldoestado.com.br\/#website","url":"https:\/\/portaldoestado.com.br\/","name":"Portal do Estado","description":"","publisher":{"@id":"https:\/\/portaldoestado.com.br\/#organization"},"potentialAction":[{"@type":"SearchAction","target":{"@type":"EntryPoint","urlTemplate":"https:\/\/portaldoestado.com.br\/?s={search_term_string}"},"query-input":{"@type":"PropertyValueSpecification","valueRequired":true,"valueName":"search_term_string"}}],"inLanguage":"pt-BR"},{"@type":"Organization","@id":"https:\/\/portaldoestado.com.br\/#organization","name":"Portal do Estado","url":"https:\/\/portaldoestado.com.br\/","logo":{"@type":"ImageObject","inLanguage":"pt-BR","@id":"https:\/\/portaldoestado.com.br\/#\/schema\/logo\/image\/","url":"https:\/\/portaldoestado.com.br\/wp-content\/uploads\/2025\/04\/cropped-6f69b19a-6472-43bf-b1b3-e1910bbbd4e8.png","contentUrl":"https:\/\/portaldoestado.com.br\/wp-content\/uploads\/2025\/04\/cropped-6f69b19a-6472-43bf-b1b3-e1910bbbd4e8.png","width":1024,"height":350,"caption":"Portal do Estado"},"image":{"@id":"https:\/\/portaldoestado.com.br\/#\/schema\/logo\/image\/"}},{"@type":"Person","@id":"https:\/\/portaldoestado.com.br\/#\/schema\/person\/5ca0174f3c8c84b59da62ea14b698cb9","name":"assessoriadefamosos","image":{"@type":"ImageObject","inLanguage":"pt-BR","@id":"https:\/\/portaldoestado.com.br\/#\/schema\/person\/image\/","url":"https:\/\/secure.gravatar.com\/avatar\/a7acbdffcfbbae7240e59f47fe511ec5f5d8c252c779f0b8d9ab02a9e1d8c5ed?s=96&d=mm&r=g","contentUrl":"https:\/\/secure.gravatar.com\/avatar\/a7acbdffcfbbae7240e59f47fe511ec5f5d8c252c779f0b8d9ab02a9e1d8c5ed?s=96&d=mm&r=g","caption":"assessoriadefamosos"},"url":"https:\/\/portaldoestado.com.br\/index.php\/author\/assessoriadefamosos\/"}]}},"jetpack_featured_media_url":"https:\/\/portaldoestado.com.br\/wp-content\/uploads\/2026\/09\/Fernando-Meneses-CEO-da-Selfit.jpeg","_links":{"self":[{"href":"https:\/\/portaldoestado.com.br\/index.php\/wp-json\/wp\/v2\/posts\/11082","targetHints":{"allow":["GET"]}}],"collection":[{"href":"https:\/\/portaldoestado.com.br\/index.php\/wp-json\/wp\/v2\/posts"}],"about":[{"href":"https:\/\/portaldoestado.com.br\/index.php\/wp-json\/wp\/v2\/types\/post"}],"author":[{"embeddable":true,"href":"https:\/\/portaldoestado.com.br\/index.php\/wp-json\/wp\/v2\/users\/2"}],"replies":[{"embeddable":true,"href":"https:\/\/portaldoestado.com.br\/index.php\/wp-json\/wp\/v2\/comments?post=11082"}],"version-history":[{"count":1,"href":"https:\/\/portaldoestado.com.br\/index.php\/wp-json\/wp\/v2\/posts\/11082\/revisions"}],"predecessor-version":[{"id":11083,"href":"https:\/\/portaldoestado.com.br\/index.php\/wp-json\/wp\/v2\/posts\/11082\/revisions\/11083"}],"wp:featuredmedia":[{"embeddable":true,"href":"https:\/\/portaldoestado.com.br\/index.php\/wp-json\/wp\/v2\/media\/11081"}],"wp:attachment":[{"href":"https:\/\/portaldoestado.com.br\/index.php\/wp-json\/wp\/v2\/media?parent=11082"}],"wp:term":[{"taxonomy":"category","embeddable":true,"href":"https:\/\/portaldoestado.com.br\/index.php\/wp-json\/wp\/v2\/categories?post=11082"},{"taxonomy":"post_tag","embeddable":true,"href":"https:\/\/portaldoestado.com.br\/index.php\/wp-json\/wp\/v2\/tags?post=11082"}],"curies":[{"name":"wp","href":"https:\/\/api.w.org\/{rel}","templated":true}]}}