{"id":11070,"date":"2026-08-31T08:21:02","date_gmt":"2026-08-31T08:21:02","guid":{"rendered":"https:\/\/portaldoestado.com.br\/?p=11070"},"modified":"2026-08-31T08:21:02","modified_gmt":"2026-08-31T08:21:02","slug":"homem-morre-apos-cair-de-estrutura-no-parque-do-peao-de-barretos","status":"publish","type":"post","link":"https:\/\/portaldoestado.com.br\/index.php\/2026\/08\/31\/homem-morre-apos-cair-de-estrutura-no-parque-do-peao-de-barretos\/","title":{"rendered":"Homem morre ap\u00f3s cair de estrutura no Parque do Pe\u00e3o de Barretos"},"content":{"rendered":"<p>Um homem identificado como <strong>Waltair Donizetti Crochiquio<\/strong>, conhecido como Wal e morador de Jacutinga, morreu na manh\u00e3 deste domingo (30) ap\u00f3s subir em uma estrutura elevada no <strong>Parque do Pe\u00e3o de Barretos<\/strong> e cair do local.<\/p>\n<p>Segundo as informa\u00e7\u00f5es divulgadas sobre a ocorr\u00eancia, equipes da Pol\u00edcia Militar foram acionadas e tentaram estabelecer comunica\u00e7\u00e3o com o homem, buscando convenc\u00ea-lo a desistir da a\u00e7\u00e3o. A \u00e1rea foi isolada enquanto os agentes realizavam o atendimento da ocorr\u00eancia.<\/p>\n<p>Apesar das tentativas de negocia\u00e7\u00e3o, o homem acabou caindo da estrutura. Equipes de socorro foram mobilizadas, mas ele n\u00e3o resistiu aos ferimentos e teve a morte constatada no local.<\/p>\n<h2 class=\"wp-block-heading\">V\u00edtima era conhecida em Jacutinga<\/h2>\n<p>Waltair Donizetti Crochiquio era conhecido por familiares e amigos pelo apelido de <strong>Wal<\/strong>. Morador de Jacutinga, ele tamb\u00e9m tinha liga\u00e7\u00e3o com atividades art\u00edsticas na regi\u00e3o e chegou a se apresentar durante um per\u00edodo no <strong>Clube Capeja<\/strong>, onde dividia o palco com um amigo.<\/p>\n<p>A not\u00edcia provocou como\u00e7\u00e3o entre moradores de Jacutinga e pessoas que conheciam a v\u00edtima.<\/p>\n<p>As circunst\u00e2ncias da ocorr\u00eancia dever\u00e3o ser apuradas pelas autoridades. A per\u00edcia foi acionada e a <strong>Pol\u00edcia Civil<\/strong> dever\u00e1 investigar o caso, ouvindo testemunhas e reunindo informa\u00e7\u00f5es que possam esclarecer o que aconteceu antes da queda.<\/p>\n<p><\/p>\n","protected":false},"excerpt":{"rendered":"<p>Um homem identificado como Waltair Donizetti Crochiquio, conhecido como Wal e morador de Jacutinga, morreu na manh\u00e3 deste domingo (30) ap\u00f3s subir em uma estrutura elevada no Parque do Pe\u00e3o de Barretos e cair do local. Segundo as informa\u00e7\u00f5es divulgadas sobre a ocorr\u00eancia, equipes da Pol\u00edcia Militar foram acionadas e tentaram estabelecer comunica\u00e7\u00e3o com o [\u2026]<\/p>\n","protected":false},"author":2,"featured_media":11069,"comment_status":"closed","ping_status":"open","sticky":false,"template":"","format":"standard","meta":{"footnotes":""},"categories":[4],"tags":[],"class_list":["post-11070","post","type-post","status-publish","format-standard","has-post-thumbnail","hentry","category-geral"],"yoast_head":"<!-- This site is optimized with the Yoast SEO plugin v25.5 - https:\/\/yoast.com\/wordpress\/plugins\/seo\/ -->\n<title>Homem morre ap\u00f3s cair de estrutura no Parque do Pe\u00e3o de Barretos - Portal do Estado<\/title>\n<meta name=\"robots\" content=\"index, follow, max-snippet:-1, max-image-preview:large, max-video-preview:-1\" \/>\n<link rel=\"canonical\" href=\"https:\/\/portaldoestado.com.br\/index.php\/2026\/08\/31\/homem-morre-apos-cair-de-estrutura-no-parque-do-peao-de-barretos\/\" \/>\n<meta property=\"og:locale\" content=\"pt_BR\" \/>\n<meta property=\"og:type\" content=\"article\" \/>\n<meta property=\"og:title\" content=\"Homem morre ap\u00f3s cair de estrutura no Parque do Pe\u00e3o de Barretos - Portal do Estado\" \/>\n<meta property=\"og:description\" content=\"Um homem identificado como Waltair Donizetti Crochiquio, conhecido como Wal e morador de Jacutinga, morreu na manh\u00e3 deste domingo (30) ap\u00f3s subir em uma estrutura elevada no Parque do Pe\u00e3o de Barretos e cair do local. Segundo as informa\u00e7\u00f5es divulgadas sobre a ocorr\u00eancia, equipes da Pol\u00edcia Militar foram acionadas e tentaram estabelecer comunica\u00e7\u00e3o com o [\u2026]\" \/>\n<meta property=\"og:url\" content=\"https:\/\/portaldoestado.com.br\/index.php\/2026\/08\/31\/homem-morre-apos-cair-de-estrutura-no-parque-do-peao-de-barretos\/\" \/>\n<meta property=\"og:site_name\" content=\"Portal do Estado\" \/>\n<meta property=\"article:published_time\" content=\"2026-08-31T08:21:02+00:00\" \/>\n<meta property=\"og:image\" content=\"https:\/\/portaldoestado.com.br\/wp-content\/uploads\/2026\/08\/homem-morre-apos-subir-em-torre-de-caixa-d-agua-no-patio-da-festa-do-peao-de-barretos-1024x678.png\" \/>\n\t<meta property=\"og:image:width\" content=\"1024\" \/>\n\t<meta property=\"og:image:height\" content=\"678\" \/>\n\t<meta property=\"og:image:type\" content=\"image\/png\" \/>\n<meta name=\"author\" content=\"assessoriadefamosos\" \/>\n<meta name=\"twitter:card\" content=\"summary_large_image\" \/>\n<meta name=\"twitter:label1\" content=\"Escrito por\" \/>\n\t<meta name=\"twitter:data1\" content=\"assessoriadefamosos\" \/>\n\t<meta name=\"twitter:label2\" content=\"Est. tempo de leitura\" \/>\n\t<meta name=\"twitter:data2\" content=\"1 minuto\" \/>\n<script type=\"application\/ld+json\" class=\"yoast-schema-graph\">{\"@context\":\"https:\/\/schema.org\",\"@graph\":[{\"@type\":\"Article\",\"@id\":\"https:\/\/portaldoestado.com.br\/index.php\/2026\/08\/31\/homem-morre-apos-cair-de-estrutura-no-parque-do-peao-de-barretos\/#article\",\"isPartOf\":{\"@id\":\"https:\/\/portaldoestado.com.br\/index.php\/2026\/08\/31\/homem-morre-apos-cair-de-estrutura-no-parque-do-peao-de-barretos\/\"},\"author\":{\"name\":\"assessoriadefamosos\",\"@id\":\"https:\/\/portaldoestado.com.br\/#\/schema\/person\/5ca0174f3c8c84b59da62ea14b698cb9\"},\"headline\":\"Homem morre ap\u00f3s cair de estrutura no Parque do Pe\u00e3o de Barretos\",\"datePublished\":\"2026-08-31T08:21:02+00:00\",\"mainEntityOfPage\":{\"@id\":\"https:\/\/portaldoestado.com.br\/index.php\/2026\/08\/31\/homem-morre-apos-cair-de-estrutura-no-parque-do-peao-de-barretos\/\"},\"wordCount\":239,\"publisher\":{\"@id\":\"https:\/\/portaldoestado.com.br\/#organization\"},\"image\":{\"@id\":\"https:\/\/portaldoestado.com.br\/index.php\/2026\/08\/31\/homem-morre-apos-cair-de-estrutura-no-parque-do-peao-de-barretos\/#primaryimage\"},\"thumbnailUrl\":\"https:\/\/portaldoestado.com.br\/wp-content\/uploads\/2026\/08\/homem-morre-apos-subir-em-torre-de-caixa-d-agua-no-patio-da-festa-do-peao-de-barretos.png\",\"articleSection\":[\"Geral\"],\"inLanguage\":\"pt-BR\"},{\"@type\":\"WebPage\",\"@id\":\"https:\/\/portaldoestado.com.br\/index.php\/2026\/08\/31\/homem-morre-apos-cair-de-estrutura-no-parque-do-peao-de-barretos\/\",\"url\":\"https:\/\/portaldoestado.com.br\/index.php\/2026\/08\/31\/homem-morre-apos-cair-de-estrutura-no-parque-do-peao-de-barretos\/\",\"name\":\"Homem morre ap\u00f3s cair de estrutura no Parque do Pe\u00e3o de Barretos - Portal do Estado\",\"isPartOf\":{\"@id\":\"https:\/\/portaldoestado.com.br\/#website\"},\"primaryImageOfPage\":{\"@id\":\"https:\/\/portaldoestado.com.br\/index.php\/2026\/08\/31\/homem-morre-apos-cair-de-estrutura-no-parque-do-peao-de-barretos\/#primaryimage\"},\"image\":{\"@id\":\"https:\/\/portaldoestado.com.br\/index.php\/2026\/08\/31\/homem-morre-apos-cair-de-estrutura-no-parque-do-peao-de-barretos\/#primaryimage\"},\"thumbnailUrl\":\"https:\/\/portaldoestado.com.br\/wp-content\/uploads\/2026\/08\/homem-morre-apos-subir-em-torre-de-caixa-d-agua-no-patio-da-festa-do-peao-de-barretos.png\",\"datePublished\":\"2026-08-31T08:21:02+00:00\",\"breadcrumb\":{\"@id\":\"https:\/\/portaldoestado.com.br\/index.php\/2026\/08\/31\/homem-morre-apos-cair-de-estrutura-no-parque-do-peao-de-barretos\/#breadcrumb\"},\"inLanguage\":\"pt-BR\",\"potentialAction\":[{\"@type\":\"ReadAction\",\"target\":[\"https:\/\/portaldoestado.com.br\/index.php\/2026\/08\/31\/homem-morre-apos-cair-de-estrutura-no-parque-do-peao-de-barretos\/\"]}]},{\"@type\":\"ImageObject\",\"inLanguage\":\"pt-BR\",\"@id\":\"https:\/\/portaldoestado.com.br\/index.php\/2026\/08\/31\/homem-morre-apos-cair-de-estrutura-no-parque-do-peao-de-barretos\/#primaryimage\",\"url\":\"https:\/\/portaldoestado.com.br\/wp-content\/uploads\/2026\/08\/homem-morre-apos-subir-em-torre-de-caixa-d-agua-no-patio-da-festa-do-peao-de-barretos.png\",\"contentUrl\":\"https:\/\/portaldoestado.com.br\/wp-content\/uploads\/2026\/08\/homem-morre-apos-subir-em-torre-de-caixa-d-agua-no-patio-da-festa-do-peao-de-barretos.png\",\"width\":1450,\"height\":960},{\"@type\":\"BreadcrumbList\",\"@id\":\"https:\/\/portaldoestado.com.br\/index.php\/2026\/08\/31\/homem-morre-apos-cair-de-estrutura-no-parque-do-peao-de-barretos\/#breadcrumb\",\"itemListElement\":[{\"@type\":\"ListItem\",\"position\":1,\"name\":\"In\u00edcio\",\"item\":\"https:\/\/portaldoestado.com.br\/\"},{\"@type\":\"ListItem\",\"position\":2,\"name\":\"Homem morre ap\u00f3s cair de estrutura no Parque do Pe\u00e3o de Barretos\"}]},{\"@type\":\"WebSite\",\"@id\":\"https:\/\/portaldoestado.com.br\/#website\",\"url\":\"https:\/\/portaldoestado.com.br\/\",\"name\":\"Portal do Estado\",\"description\":\"\",\"publisher\":{\"@id\":\"https:\/\/portaldoestado.com.br\/#organization\"},\"potentialAction\":[{\"@type\":\"SearchAction\",\"target\":{\"@type\":\"EntryPoint\",\"urlTemplate\":\"https:\/\/portaldoestado.com.br\/?s={search_term_string}\"},\"query-input\":{\"@type\":\"PropertyValueSpecification\",\"valueRequired\":true,\"valueName\":\"search_term_string\"}}],\"inLanguage\":\"pt-BR\"},{\"@type\":\"Organization\",\"@id\":\"https:\/\/portaldoestado.com.br\/#organization\",\"name\":\"Portal do Estado\",\"url\":\"https:\/\/portaldoestado.com.br\/\",\"logo\":{\"@type\":\"ImageObject\",\"inLanguage\":\"pt-BR\",\"@id\":\"https:\/\/portaldoestado.com.br\/#\/schema\/logo\/image\/\",\"url\":\"https:\/\/portaldoestado.com.br\/wp-content\/uploads\/2025\/04\/cropped-6f69b19a-6472-43bf-b1b3-e1910bbbd4e8.png\",\"contentUrl\":\"https:\/\/portaldoestado.com.br\/wp-content\/uploads\/2025\/04\/cropped-6f69b19a-6472-43bf-b1b3-e1910bbbd4e8.png\",\"width\":1024,\"height\":350,\"caption\":\"Portal do Estado\"},\"image\":{\"@id\":\"https:\/\/portaldoestado.com.br\/#\/schema\/logo\/image\/\"}},{\"@type\":\"Person\",\"@id\":\"https:\/\/portaldoestado.com.br\/#\/schema\/person\/5ca0174f3c8c84b59da62ea14b698cb9\",\"name\":\"assessoriadefamosos\",\"image\":{\"@type\":\"ImageObject\",\"inLanguage\":\"pt-BR\",\"@id\":\"https:\/\/portaldoestado.com.br\/#\/schema\/person\/image\/\",\"url\":\"https:\/\/secure.gravatar.com\/avatar\/a7acbdffcfbbae7240e59f47fe511ec5f5d8c252c779f0b8d9ab02a9e1d8c5ed?s=96&d=mm&r=g\",\"contentUrl\":\"https:\/\/secure.gravatar.com\/avatar\/a7acbdffcfbbae7240e59f47fe511ec5f5d8c252c779f0b8d9ab02a9e1d8c5ed?s=96&d=mm&r=g\",\"caption\":\"assessoriadefamosos\"},\"url\":\"https:\/\/portaldoestado.com.br\/index.php\/author\/assessoriadefamosos\/\"}]}<\/script>\n<!-- \/ Yoast SEO plugin. -->","yoast_head_json":{"title":"Homem morre ap\u00f3s cair de estrutura no Parque do Pe\u00e3o de Barretos - Portal do Estado","robots":{"index":"index","follow":"follow","max-snippet":"max-snippet:-1","max-image-preview":"max-image-preview:large","max-video-preview":"max-video-preview:-1"},"canonical":"https:\/\/portaldoestado.com.br\/index.php\/2026\/08\/31\/homem-morre-apos-cair-de-estrutura-no-parque-do-peao-de-barretos\/","og_locale":"pt_BR","og_type":"article","og_title":"Homem morre ap\u00f3s cair de estrutura no Parque do Pe\u00e3o de Barretos - Portal do Estado","og_description":"Um homem identificado como Waltair Donizetti Crochiquio, conhecido como Wal e morador de Jacutinga, morreu na manh\u00e3 deste domingo (30) ap\u00f3s subir em uma estrutura elevada no Parque do Pe\u00e3o de Barretos e cair do local. Segundo as informa\u00e7\u00f5es divulgadas sobre a ocorr\u00eancia, equipes da Pol\u00edcia Militar foram acionadas e tentaram estabelecer comunica\u00e7\u00e3o com o [\u2026]","og_url":"https:\/\/portaldoestado.com.br\/index.php\/2026\/08\/31\/homem-morre-apos-cair-de-estrutura-no-parque-do-peao-de-barretos\/","og_site_name":"Portal do Estado","article_published_time":"2026-08-31T08:21:02+00:00","og_image":[{"width":1024,"height":678,"url":"https:\/\/portaldoestado.com.br\/wp-content\/uploads\/2026\/08\/homem-morre-apos-subir-em-torre-de-caixa-d-agua-no-patio-da-festa-do-peao-de-barretos-1024x678.png","type":"image\/png"}],"author":"assessoriadefamosos","twitter_card":"summary_large_image","twitter_misc":{"Escrito por":"assessoriadefamosos","Est. tempo de leitura":"1 minuto"},"schema":{"@context":"https:\/\/schema.org","@graph":[{"@type":"Article","@id":"https:\/\/portaldoestado.com.br\/index.php\/2026\/08\/31\/homem-morre-apos-cair-de-estrutura-no-parque-do-peao-de-barretos\/#article","isPartOf":{"@id":"https:\/\/portaldoestado.com.br\/index.php\/2026\/08\/31\/homem-morre-apos-cair-de-estrutura-no-parque-do-peao-de-barretos\/"},"author":{"name":"assessoriadefamosos","@id":"https:\/\/portaldoestado.com.br\/#\/schema\/person\/5ca0174f3c8c84b59da62ea14b698cb9"},"headline":"Homem morre ap\u00f3s cair de estrutura no Parque do Pe\u00e3o de Barretos","datePublished":"2026-08-31T08:21:02+00:00","mainEntityOfPage":{"@id":"https:\/\/portaldoestado.com.br\/index.php\/2026\/08\/31\/homem-morre-apos-cair-de-estrutura-no-parque-do-peao-de-barretos\/"},"wordCount":239,"publisher":{"@id":"https:\/\/portaldoestado.com.br\/#organization"},"image":{"@id":"https:\/\/portaldoestado.com.br\/index.php\/2026\/08\/31\/homem-morre-apos-cair-de-estrutura-no-parque-do-peao-de-barretos\/#primaryimage"},"thumbnailUrl":"https:\/\/portaldoestado.com.br\/wp-content\/uploads\/2026\/08\/homem-morre-apos-subir-em-torre-de-caixa-d-agua-no-patio-da-festa-do-peao-de-barretos.png","articleSection":["Geral"],"inLanguage":"pt-BR"},{"@type":"WebPage","@id":"https:\/\/portaldoestado.com.br\/index.php\/2026\/08\/31\/homem-morre-apos-cair-de-estrutura-no-parque-do-peao-de-barretos\/","url":"https:\/\/portaldoestado.com.br\/index.php\/2026\/08\/31\/homem-morre-apos-cair-de-estrutura-no-parque-do-peao-de-barretos\/","name":"Homem morre ap\u00f3s cair de estrutura no Parque do Pe\u00e3o de Barretos - Portal do Estado","isPartOf":{"@id":"https:\/\/portaldoestado.com.br\/#website"},"primaryImageOfPage":{"@id":"https:\/\/portaldoestado.com.br\/index.php\/2026\/08\/31\/homem-morre-apos-cair-de-estrutura-no-parque-do-peao-de-barretos\/#primaryimage"},"image":{"@id":"https:\/\/portaldoestado.com.br\/index.php\/2026\/08\/31\/homem-morre-apos-cair-de-estrutura-no-parque-do-peao-de-barretos\/#primaryimage"},"thumbnailUrl":"https:\/\/portaldoestado.com.br\/wp-content\/uploads\/2026\/08\/homem-morre-apos-subir-em-torre-de-caixa-d-agua-no-patio-da-festa-do-peao-de-barretos.png","datePublished":"2026-08-31T08:21:02+00:00","breadcrumb":{"@id":"https:\/\/portaldoestado.com.br\/index.php\/2026\/08\/31\/homem-morre-apos-cair-de-estrutura-no-parque-do-peao-de-barretos\/#breadcrumb"},"inLanguage":"pt-BR","potentialAction":[{"@type":"ReadAction","target":["https:\/\/portaldoestado.com.br\/index.php\/2026\/08\/31\/homem-morre-apos-cair-de-estrutura-no-parque-do-peao-de-barretos\/"]}]},{"@type":"ImageObject","inLanguage":"pt-BR","@id":"https:\/\/portaldoestado.com.br\/index.php\/2026\/08\/31\/homem-morre-apos-cair-de-estrutura-no-parque-do-peao-de-barretos\/#primaryimage","url":"https:\/\/portaldoestado.com.br\/wp-content\/uploads\/2026\/08\/homem-morre-apos-subir-em-torre-de-caixa-d-agua-no-patio-da-festa-do-peao-de-barretos.png","contentUrl":"https:\/\/portaldoestado.com.br\/wp-content\/uploads\/2026\/08\/homem-morre-apos-subir-em-torre-de-caixa-d-agua-no-patio-da-festa-do-peao-de-barretos.png","width":1450,"height":960},{"@type":"BreadcrumbList","@id":"https:\/\/portaldoestado.com.br\/index.php\/2026\/08\/31\/homem-morre-apos-cair-de-estrutura-no-parque-do-peao-de-barretos\/#breadcrumb","itemListElement":[{"@type":"ListItem","position":1,"name":"In\u00edcio","item":"https:\/\/portaldoestado.com.br\/"},{"@type":"ListItem","position":2,"name":"Homem morre ap\u00f3s cair de estrutura no Parque do Pe\u00e3o de Barretos"}]},{"@type":"WebSite","@id":"https:\/\/portaldoestado.com.br\/#website","url":"https:\/\/portaldoestado.com.br\/","name":"Portal do Estado","description":"","publisher":{"@id":"https:\/\/portaldoestado.com.br\/#organization"},"potentialAction":[{"@type":"SearchAction","target":{"@type":"EntryPoint","urlTemplate":"https:\/\/portaldoestado.com.br\/?s={search_term_string}"},"query-input":{"@type":"PropertyValueSpecification","valueRequired":true,"valueName":"search_term_string"}}],"inLanguage":"pt-BR"},{"@type":"Organization","@id":"https:\/\/portaldoestado.com.br\/#organization","name":"Portal do Estado","url":"https:\/\/portaldoestado.com.br\/","logo":{"@type":"ImageObject","inLanguage":"pt-BR","@id":"https:\/\/portaldoestado.com.br\/#\/schema\/logo\/image\/","url":"https:\/\/portaldoestado.com.br\/wp-content\/uploads\/2025\/04\/cropped-6f69b19a-6472-43bf-b1b3-e1910bbbd4e8.png","contentUrl":"https:\/\/portaldoestado.com.br\/wp-content\/uploads\/2025\/04\/cropped-6f69b19a-6472-43bf-b1b3-e1910bbbd4e8.png","width":1024,"height":350,"caption":"Portal do Estado"},"image":{"@id":"https:\/\/portaldoestado.com.br\/#\/schema\/logo\/image\/"}},{"@type":"Person","@id":"https:\/\/portaldoestado.com.br\/#\/schema\/person\/5ca0174f3c8c84b59da62ea14b698cb9","name":"assessoriadefamosos","image":{"@type":"ImageObject","inLanguage":"pt-BR","@id":"https:\/\/portaldoestado.com.br\/#\/schema\/person\/image\/","url":"https:\/\/secure.gravatar.com\/avatar\/a7acbdffcfbbae7240e59f47fe511ec5f5d8c252c779f0b8d9ab02a9e1d8c5ed?s=96&d=mm&r=g","contentUrl":"https:\/\/secure.gravatar.com\/avatar\/a7acbdffcfbbae7240e59f47fe511ec5f5d8c252c779f0b8d9ab02a9e1d8c5ed?s=96&d=mm&r=g","caption":"assessoriadefamosos"},"url":"https:\/\/portaldoestado.com.br\/index.php\/author\/assessoriadefamosos\/"}]}},"jetpack_featured_media_url":"https:\/\/portaldoestado.com.br\/wp-content\/uploads\/2026\/08\/homem-morre-apos-subir-em-torre-de-caixa-d-agua-no-patio-da-festa-do-peao-de-barretos.png","_links":{"self":[{"href":"https:\/\/portaldoestado.com.br\/index.php\/wp-json\/wp\/v2\/posts\/11070","targetHints":{"allow":["GET"]}}],"collection":[{"href":"https:\/\/portaldoestado.com.br\/index.php\/wp-json\/wp\/v2\/posts"}],"about":[{"href":"https:\/\/portaldoestado.com.br\/index.php\/wp-json\/wp\/v2\/types\/post"}],"author":[{"embeddable":true,"href":"https:\/\/portaldoestado.com.br\/index.php\/wp-json\/wp\/v2\/users\/2"}],"replies":[{"embeddable":true,"href":"https:\/\/portaldoestado.com.br\/index.php\/wp-json\/wp\/v2\/comments?post=11070"}],"version-history":[{"count":1,"href":"https:\/\/portaldoestado.com.br\/index.php\/wp-json\/wp\/v2\/posts\/11070\/revisions"}],"predecessor-version":[{"id":11071,"href":"https:\/\/portaldoestado.com.br\/index.php\/wp-json\/wp\/v2\/posts\/11070\/revisions\/11071"}],"wp:featuredmedia":[{"embeddable":true,"href":"https:\/\/portaldoestado.com.br\/index.php\/wp-json\/wp\/v2\/media\/11069"}],"wp:attachment":[{"href":"https:\/\/portaldoestado.com.br\/index.php\/wp-json\/wp\/v2\/media?parent=11070"}],"wp:term":[{"taxonomy":"category","embeddable":true,"href":"https:\/\/portaldoestado.com.br\/index.php\/wp-json\/wp\/v2\/categories?post=11070"},{"taxonomy":"post_tag","embeddable":true,"href":"https:\/\/portaldoestado.com.br\/index.php\/wp-json\/wp\/v2\/tags?post=11070"}],"curies":[{"name":"wp","href":"https:\/\/api.w.org\/{rel}","templated":true}]}}